{"id":290449,"date":"2021-08-03T10:35:28","date_gmt":"2021-08-03T14:35:28","guid":{"rendered":"http:\/\/diariodominicano.com\/?p=290449"},"modified":"2021-08-03T10:35:28","modified_gmt":"2021-08-03T14:35:28","slug":"opositores-de-haiti-rechazan-elecciones-este-ano","status":"publish","type":"post","link":"https:\/\/diariodominicano.com\/?p=290449","title":{"rendered":"Opositores de Hait\u00ed rechazan elecciones este a\u00f1o"},"content":{"rendered":"\n<p>diariodominicano.com<\/p>\n\n\n\n<p>Puerto Pr\u00edncipe, 3 ago (Prensa Latina) El opositor Sector Democr\u00e1tico y Popular rechaz\u00f3 la celebraci\u00f3n de elecciones este a\u00f1o y abog\u00f3 por un amplio consenso pol\u00edtico y social con vistas a solucionar la crisis que atraviesa hoy Hait\u00ed.<br>La plataforma integrada por representantes de varios partidos y organizaciones de la sociedad civil, no reconoce al reci\u00e9n instaurado gabinete, encabezado por el primer ministro Ariel Henry, y defiende la idea de un ejecutivo &#8216;bic\u00e9falo&#8217; formado por un jefe de Gobierno y un presidente.<\/p>\n\n\n\n<p>Tambi\u00e9n criticaron un proceso electoral mientras Le\u00f3n Charles contin\u00fae frente a la Polic\u00eda Nacional y no se liberen los presos pol\u00edticos, aseguraron.<\/p>\n\n\n\n<p>La estructura que rechaz\u00f3 toda forma de di\u00e1logo con el presiente asesinado Jovenel Mo\u00efse, se reuni\u00f3 con el actual primer ministro y miembros de la comunidad internacional en torno a la crisis tras el magnicidio.<\/p>\n\n\n\n<p>&#8216;Al igual que con Ariel Henry, presentamos las demandas de la poblaci\u00f3n: la liberaci\u00f3n de los presos pol\u00edticos, otro Consejo Electoral Provisional, la realizaci\u00f3n de los juicios de las diversas masacres perpetradas por Jovenel Mo\u00efse&#8217;, dijo el abogado Andr\u00e9 Michel, en alusi\u00f3n a las discusiones con embajadores y representantes de organismos internacionales.<\/p>\n\n\n\n<p>Tambi\u00e9n exigen se deroguen los decretos emitidos por el exgobernante, entre ellos los relacionados con la Agencia de Inteligencia y la criminalizaci\u00f3n de las protestas.<\/p>\n\n\n\n<p>Muchos de los reclamos del Sector Democr\u00e1tico coinciden con los de otras fuerzas pol\u00edticas que presentaron sus propuestas recientemente, sin embargo no logran formar un frente com\u00fan.<\/p>\n\n\n\n<p>La semana pasada otra estructura, la Comisi\u00f3n para la B\u00fasqueda de una Soluci\u00f3n Haitiana a la Crisis, propuso la vuelta al orden constitucional de 1987, tras la dictadura de Fran\u00e7ois y Jean Claude Duvalier (1957-1986), adem\u00e1s del establecimiento de un ejecutivo con un presidente y un primer ministro y la formaci\u00f3n de un Consejo Nacional de Transici\u00f3n.<\/p>\n\n\n\n<p>Henry no se pronunci\u00f3 a\u00fan sobre el encuentro con los pol\u00edticos, aunque durante su juramentaci\u00f3n apel\u00f3 al di\u00e1logo y la unidad nacional.<\/p>\n\n\n\n<p>De igual manera, se\u00f1al\u00f3 que las elecciones, la democracia y el estado de derecho son innegociables, mientras prosigue las discusiones con otros sectores nacionales.<\/p>\n\n\n\n<p>ga\/ane<\/p>\n","protected":false},"excerpt":{"rendered":"<p>diariodominicano.com Puerto Pr\u00edncipe, 3 ago (Prensa Latina) El opositor Sector Democr\u00e1tico y Popular rechaz\u00f3 la celebraci\u00f3n de elecciones este a\u00f1o y abog\u00f3 por un amplio consenso pol\u00edtico y social con vistas a solucionar la crisis que atraviesa hoy Hait\u00ed.La plataforma integrada por representantes de varios partidos y organizaciones de la sociedad civil, no reconoce al [&hellip;]<\/p>\n","protected":false},"author":5,"featured_media":290450,"comment_status":"closed","ping_status":"","sticky":true,"template":"","format":"standard","meta":{"footnotes":""},"categories":[23,27],"tags":[],"class_list":["post-290449","post","type-post","status-publish","format-standard","has-post-thumbnail","hentry","category-internacional","category-portada"],"_links":{"self":[{"href":"https:\/\/diariodominicano.com\/index.php?rest_route=\/wp\/v2\/posts\/290449","targetHints":{"allow":["GET"]}}],"collection":[{"href":"https:\/\/diariodominicano.com\/index.php?rest_route=\/wp\/v2\/posts"}],"about":[{"href":"https:\/\/diariodominicano.com\/index.php?rest_route=\/wp\/v2\/types\/post"}],"author":[{"embeddable":true,"href":"https:\/\/diariodominicano.com\/index.php?rest_route=\/wp\/v2\/users\/5"}],"replies":[{"embeddable":true,"href":"https:\/\/diariodominicano.com\/index.php?rest_route=%2Fwp%2Fv2%2Fcomments&post=290449"}],"version-history":[{"count":1,"href":"https:\/\/diariodominicano.com\/index.php?rest_route=\/wp\/v2\/posts\/290449\/revisions"}],"predecessor-version":[{"id":290451,"href":"https:\/\/diariodominicano.com\/index.php?rest_route=\/wp\/v2\/posts\/290449\/revisions\/290451"}],"wp:featuredmedia":[{"embeddable":true,"href":"https:\/\/diariodominicano.com\/index.php?rest_route=\/wp\/v2\/media\/290450"}],"wp:attachment":[{"href":"https:\/\/diariodominicano.com\/index.php?rest_route=%2Fwp%2Fv2%2Fmedia&parent=290449"}],"wp:term":[{"taxonomy":"category","embeddable":true,"href":"https:\/\/diariodominicano.com\/index.php?rest_route=%2Fwp%2Fv2%2Fcategories&post=290449"},{"taxonomy":"post_tag","embeddable":true,"href":"https:\/\/diariodominicano.com\/index.php?rest_route=%2Fwp%2Fv2%2Ftags&post=290449"}],"curies":[{"name":"wp","href":"https:\/\/api.w.org\/{rel}","templated":true}]}}