{"id":290446,"date":"2021-08-03T10:31:02","date_gmt":"2021-08-03T14:31:02","guid":{"rendered":"http:\/\/diariodominicano.com\/?p=290446"},"modified":"2021-08-03T10:31:02","modified_gmt":"2021-08-03T14:31:02","slug":"concejal-rodriguez-dirige-rally-de-la-unidad-proximo-alcalde-nyc-eric-adams","status":"publish","type":"post","link":"https:\/\/diariodominicano.com\/?p=290446","title":{"rendered":"Concejal Rodr\u00edguez dirige Rally de la unidad pr\u00f3ximo alcalde NYC, Eric Adams"},"content":{"rendered":"\n<p>diariodominicano.com<\/p>\n\n\n\n<p><strong>Por Ram\u00f3n Mercedes<\/strong><\/p>\n\n\n\n<p><strong>NUEVA YORK, 3 de agosto, 2021.-<\/strong>\u00a0El concejal por el Alto Manhattan (D-10), el dominicano Ydanis Rodr\u00edguez, dirigi\u00f3 este lunes el Rally de la unidad del pr\u00f3ximo alcalde de esta Ciudad, Eric Adams.<\/p>\n\n\n\n<p>El evento donde 60 nuevos oficiales electos decidieron apoyar a Adams como el candidato oficial a la alcald\u00eda neoyorkina del Partido Dem\u00f3crata, para las elecciones generales a celebrarse el pr\u00f3ximo 2 de noviembre, demuestra un Partido unificado.<\/p>\n\n\n\n<p>En un concurrido acto, frente a la alcald\u00eda de la Ciudad y junto a la l\u00edder de la Mayor\u00eda en el Concejo Municipal, Laurie Cumbo, el concejal manifest\u00f3 en ambos idiomas (espa\u00f1ol e ingl\u00e9s) que con este masivo apoyo de oficiales electos se amplia el triunfo del candidato dem\u00f3crata.<\/p>\n\n\n\n<p>\u201cUn l\u00edder como Adams que ir\u00e1 a la alcald\u00eda a trabajar juntos para acabar con la violencia en las calles, en los trenes, a traerle empleos, darles oportunidad a las personas que m\u00e1s lo necesitan, es lo que necesita la Gran Manzana, precis\u00f3.<\/p>\n\n\n\n<p>El concejal por los vecindarios de Washington Heights e Inwood se encuentra entre el estrecho equipo de Adams que viene coordinando encuentros entre diversos sectores neoyorkinos y el candidato.<\/p>\n\n\n\n<p>Durante el evento tambi\u00e9n habl\u00f3 al alcalde Bill de Blasio.<\/p>\n\n\n\n<p>Asimismo, Rodr\u00edguez que viene coordinando desde hace tiempo el movimiento \u201cLatinos con Eric\u201d, fue designado por el propio Adams como portavoz de su campa\u00f1a entre las comunidades hispanas.<\/p>\n\n\n\n<p>Dicho movimiento, compuesto por prominentes l\u00edderes latinos en la urbe, se alinearon en la campa\u00f1a del candidato con resultados muy positivos, en base a lo dicho por el propio Adams de que ganar\u00eda las primarias con el voto hispano, principalmente el de los dominicanos\u201d.<\/p>\n\n\n\n<p><strong>Video:<\/strong><a rel=\"noreferrer noopener\" href=\"https:\/\/www.youtube.com\/watch?v=deC-88j7MTw\" target=\"_blank\">https:\/\/www.youtube.com\/watch?v=deC-88j7MTw<\/a><\/p>\n","protected":false},"excerpt":{"rendered":"<p>diariodominicano.com Por Ram\u00f3n Mercedes NUEVA YORK, 3 de agosto, 2021.-\u00a0El concejal por el Alto Manhattan (D-10), el dominicano Ydanis Rodr\u00edguez, dirigi\u00f3 este lunes el Rally de la unidad del pr\u00f3ximo alcalde de esta Ciudad, Eric Adams. El evento donde 60 nuevos oficiales electos decidieron apoyar a Adams como el candidato oficial a la alcald\u00eda neoyorkina [&hellip;]<\/p>\n","protected":false},"author":5,"featured_media":290447,"comment_status":"closed","ping_status":"","sticky":true,"template":"","format":"standard","meta":{"footnotes":""},"categories":[20,27],"tags":[],"class_list":["post-290446","post","type-post","status-publish","format-standard","has-post-thumbnail","hentry","category-dominicana-hoy","category-portada"],"_links":{"self":[{"href":"https:\/\/diariodominicano.com\/index.php?rest_route=\/wp\/v2\/posts\/290446","targetHints":{"allow":["GET"]}}],"collection":[{"href":"https:\/\/diariodominicano.com\/index.php?rest_route=\/wp\/v2\/posts"}],"about":[{"href":"https:\/\/diariodominicano.com\/index.php?rest_route=\/wp\/v2\/types\/post"}],"author":[{"embeddable":true,"href":"https:\/\/diariodominicano.com\/index.php?rest_route=\/wp\/v2\/users\/5"}],"replies":[{"embeddable":true,"href":"https:\/\/diariodominicano.com\/index.php?rest_route=%2Fwp%2Fv2%2Fcomments&post=290446"}],"version-history":[{"count":1,"href":"https:\/\/diariodominicano.com\/index.php?rest_route=\/wp\/v2\/posts\/290446\/revisions"}],"predecessor-version":[{"id":290448,"href":"https:\/\/diariodominicano.com\/index.php?rest_route=\/wp\/v2\/posts\/290446\/revisions\/290448"}],"wp:featuredmedia":[{"embeddable":true,"href":"https:\/\/diariodominicano.com\/index.php?rest_route=\/wp\/v2\/media\/290447"}],"wp:attachment":[{"href":"https:\/\/diariodominicano.com\/index.php?rest_route=%2Fwp%2Fv2%2Fmedia&parent=290446"}],"wp:term":[{"taxonomy":"category","embeddable":true,"href":"https:\/\/diariodominicano.com\/index.php?rest_route=%2Fwp%2Fv2%2Fcategories&post=290446"},{"taxonomy":"post_tag","embeddable":true,"href":"https:\/\/diariodominicano.com\/index.php?rest_route=%2Fwp%2Fv2%2Ftags&post=290446"}],"curies":[{"name":"wp","href":"https:\/\/api.w.org\/{rel}","templated":true}]}}