{"id":290410,"date":"2021-08-02T22:59:29","date_gmt":"2021-08-03T02:59:29","guid":{"rendered":"http:\/\/diariodominicano.com\/?p=290410"},"modified":"2021-08-02T22:59:29","modified_gmt":"2021-08-03T02:59:29","slug":"msp-inicia-semana-mundial-de-lactancia-materna-2021-con-varias-actividades","status":"publish","type":"post","link":"https:\/\/diariodominicano.com\/?p=290410","title":{"rendered":"MSP inicia \u201cSemana Mundial de Lactancia Materna 2021\u201d con varias actividades"},"content":{"rendered":"\n<p>diariodominicano.com<\/p>\n\n\n\n<p>Santo Domingo, R. D., 2 de agosto, 2021.-  El lema de este a\u00f1o, \u201cProteger la lactancia materna: una responsabilidad compartida\u201d, se vincula con los Objetivos de Desarrollo Sostenible 2030, para destacar los v\u00ednculos entre la lactancia materna y la supervivencia, la salud y el bienestar de las mujeres, los ni\u00f1os y las naciones.<\/p>\n\n\n\n<p>Santo Domingo- El Ministerio de Salud P\u00fablica (MSP) y la Comisi\u00f3n Nacional de Lactancia Materna dieron inicio este lunes a la \u201cSemana Mundial de Lactancia Materna 202i\u201d que se conmemora del 1 al 7 de agosto, bajo el lema \u201cProteger la lactancia materna: un compromiso de todos y todas\u201d.<\/p>\n\n\n\n<p>La apertura de la acci\u00f3n a favor de la lactancia materna fue realizada en un acto en la explanada del MSP, a trav\u00e9s del viceministerio de Salud Colectiva, la Direcci\u00f3n de Salud de la Poblaci\u00f3n, el Departamento Salud de la Familia y la Divisi\u00f3n de Salud Materno Infantil y Adolescentes, en coordinaci\u00f3n con la Comisi\u00f3n Nacional de Lactancia materna.<\/p>\n\n\n\n<p>Dentro de los objetivos que orientan este a\u00f1o la campa\u00f1a, se encuentran informar, fomentar el apoyo como una responsabilidad compartida, interactuar con individuos y organizaciones para un mayor impacto, y promover acciones que protejan la lactancia materna para mejorar la salud p\u00fablica.<\/p>\n\n\n\n<p>El viceministro de Salud Colectiva, doctor Eladio P\u00e9rez, dijo que la lactancia materna es un acto de amor y el primer pilar en la seguridad alimentaria y nutricional, por lo que existe el compromiso de<\/p>\n\n\n\n<p>continuar protegi\u00e9ndola de manera sostenida, ya que contribuye a la calidad de vida de la poblaci\u00f3n.<\/p>\n\n\n\n<p>Sostuvo que la protecci\u00f3n, promoci\u00f3n y apoyo de la lactancia materna requieren acciones coordinadas, por lo que, en conjunto se debe garantizar que las madres que amamantan puedan recibir apoyo integral y oportuno de todos los sectores, con lo cual se protege, adem\u00e1s, el derecho de los ni\u00f1os y ni\u00f1as a recibir lactancia materna.<\/p>\n\n\n\n<p>P\u00e9rez indic\u00f3 que \u201cla forma \u00f3ptima de alimentar a los beb\u00e9s, ya que les ofrece los nutrientes que necesitan en el equilibrio adecuado, as\u00ed como protecci\u00f3n contra las enfermedades, mientras que que una mala nutrici\u00f3n durante las primeras etapas del ciclo de vida puede conducir a da\u00f1os irreversibles en el crecimiento f\u00edsico y en el desarrollo del cerebro.<\/p>\n\n\n\n<p>Elsa Camilo, encargada de Salud de la Familia, explic\u00f3 que este a\u00f1o con significaci\u00f3n especial el Foro de Lactancia Materna va dirigido a toda la poblaci\u00f3n con el apoyo de agencias que d\u00eda a d\u00eda trabajan por esta causa. \u00a8Las Direcciones de Salud asumen el compromiso con su eje central para que la lactancia materna sea un tema que todos escuchemos esta semana y todo el a\u00f1o.<br>Mientras que la representante del Fondo de las Naciones Unidas para la Infancia (UNICEF), Rosa Elcarte, quien se\u00f1al\u00f3 se han hecho esfuerzos importantes en el pa\u00eds para aumentar las cifras de lactancia, y que esta instituci\u00f3n est\u00e1 apoyando la implementaci\u00f3n de promoci\u00f3n de la lactancia materna en 24 importantes hospitales p\u00fablicos del pa\u00eds, y ya existen m\u00e1s Habilitaci\u00f3n de 100 salas de lactancia en varios centros de trabajo p\u00fablicos y privados.<\/p>\n\n\n\n<p>\u201cEstos esfuerzos deben ser mantenidos e incrementados para seguir aumentando las tasas de lactancia materna exclusiva hasta el 6to mes Durante la pandemia de COVID-19, es a\u00fan m\u00e1s importante encontrar soluciones innovadoras para garantizar que el acceso a estos servicios esenciales no se vean interrumpido y que las familias contin\u00faen recibiendo el asesoramiento de lactancia que necesitan\u201d dijo.<\/p>\n\n\n\n<p>Clavel S\u00e1nchez, secretaria de la Comisi\u00f3n Nacional de Lactancia Materna destac\u00f3 que este a\u00f1o la Sala de Familia del MSP cumple cinco a\u00f1os, raz\u00f3n por la cual se debe seguir motivando con las creaciones de estas \u00e1reas para beneficiar a las\u00a0<\/p>\n\n\n\n<p>&nbsp;madres de todo el pa\u00eds.<\/p>\n\n\n\n<p>En el acto, varias madres presentaron sus experiencias en el proceso de lactar a sus beb\u00e9s.<\/p>\n\n\n\n<p>Las acciones de la Semana Mundial de Lactancia Materna son articuladas entre m\u00faltiples instituciones relacionadas al tema, entre estas: Proyectos de la Presidencia (PROPEP), Instituto de Nutrici\u00f3n de Latinoamericana y Rep\u00fablica Dominicana (INCARP), Organizaci\u00f3n Mundial de la Salud (OMS\/OPS), Fondo de Poblaci\u00f3n de las Naciones Unidas para la Infancia (UNICEF), la Liga de la Leche en Rep\u00fablica Dominicana, el Ministerio de Trabajo, Prolactar-RD, Proyectos de la Presidencia (PROPEP), (IBFAN) Rep\u00fablica Dominicana, Sociedad Dominicana de Pediatr\u00eda.<\/p>\n\n\n\n<p>Entre las actividades de la Semana Mundial de Lactancia materna est\u00e1n: la firma de un convenio con el Ministerio de Trabajo, que incluye el reconocimiento de la Sala Amiga de la Familia Lactante de este \u00faltimo; la inauguraci\u00f3n y reconocimiento de la Sala Amiga de la Familia Lactante de la Oficina para el Reordenamiento del Transporte Terrestre (OPRET), as\u00ed como acciones de Movilizaci\u00f3n en las Direcciones Provinciales de Salud, y un encuentro con madres beneficiarias del Programa \u201cAlianza para la Aceleraci\u00f3n de la Reducci\u00f3n de la Mortalidad Materna.<\/p>\n\n\n\n<p>Fuente: Direcci\u00f3n de Comunicaci\u00f3n Estrat\u00e9gica<br>02 de agosto 2021<\/p>\n","protected":false},"excerpt":{"rendered":"<p>diariodominicano.com Santo Domingo, R. D., 2 de agosto, 2021.- El lema de este a\u00f1o, \u201cProteger la lactancia materna: una responsabilidad compartida\u201d, se vincula con los Objetivos de Desarrollo Sostenible 2030, para destacar los v\u00ednculos entre la lactancia materna y la supervivencia, la salud y el bienestar de las mujeres, los ni\u00f1os y las naciones. Santo [&hellip;]<\/p>\n","protected":false},"author":5,"featured_media":290411,"comment_status":"closed","ping_status":"","sticky":true,"template":"","format":"standard","meta":{"footnotes":""},"categories":[20,27],"tags":[],"class_list":["post-290410","post","type-post","status-publish","format-standard","has-post-thumbnail","hentry","category-dominicana-hoy","category-portada"],"_links":{"self":[{"href":"https:\/\/diariodominicano.com\/index.php?rest_route=\/wp\/v2\/posts\/290410","targetHints":{"allow":["GET"]}}],"collection":[{"href":"https:\/\/diariodominicano.com\/index.php?rest_route=\/wp\/v2\/posts"}],"about":[{"href":"https:\/\/diariodominicano.com\/index.php?rest_route=\/wp\/v2\/types\/post"}],"author":[{"embeddable":true,"href":"https:\/\/diariodominicano.com\/index.php?rest_route=\/wp\/v2\/users\/5"}],"replies":[{"embeddable":true,"href":"https:\/\/diariodominicano.com\/index.php?rest_route=%2Fwp%2Fv2%2Fcomments&post=290410"}],"version-history":[{"count":1,"href":"https:\/\/diariodominicano.com\/index.php?rest_route=\/wp\/v2\/posts\/290410\/revisions"}],"predecessor-version":[{"id":290412,"href":"https:\/\/diariodominicano.com\/index.php?rest_route=\/wp\/v2\/posts\/290410\/revisions\/290412"}],"wp:featuredmedia":[{"embeddable":true,"href":"https:\/\/diariodominicano.com\/index.php?rest_route=\/wp\/v2\/media\/290411"}],"wp:attachment":[{"href":"https:\/\/diariodominicano.com\/index.php?rest_route=%2Fwp%2Fv2%2Fmedia&parent=290410"}],"wp:term":[{"taxonomy":"category","embeddable":true,"href":"https:\/\/diariodominicano.com\/index.php?rest_route=%2Fwp%2Fv2%2Fcategories&post=290410"},{"taxonomy":"post_tag","embeddable":true,"href":"https:\/\/diariodominicano.com\/index.php?rest_route=%2Fwp%2Fv2%2Ftags&post=290410"}],"curies":[{"name":"wp","href":"https:\/\/api.w.org\/{rel}","templated":true}]}}