{"id":290366,"date":"2021-08-02T23:57:59","date_gmt":"2021-08-03T03:57:59","guid":{"rendered":"http:\/\/diariodominicano.com\/?p=290366"},"modified":"2021-08-02T23:57:59","modified_gmt":"2021-08-03T03:57:59","slug":"rectora-recibe-visita-embajador-dominicano-en-qatar","status":"publish","type":"post","link":"https:\/\/diariodominicano.com\/?p=290366","title":{"rendered":"Rectora recibe visita embajador dominicano en Qatar"},"content":{"rendered":"\n<p>La rectora de la Universidad Aut\u00f3noma de Santo Domingo (UASD) doctora Emma Polanco Melo recibi\u00f3 la visita&nbsp; de cortes\u00eda del embajador dominicano en Qatar Georges Bahsa Hazim.<\/p>\n\n\n\n<p>Polanco Melo salud\u00f3 la visita&nbsp;del diplom\u00e1tico Bahsa Hazim con quien convers\u00f3 sobre el inter\u00e9s de estrechar las relaciones acad\u00e9micas con ese importante pa\u00eds.<\/p>\n\n\n\n<p>La doctora Polanco Melo manifest\u00f3 su inter\u00e9s de fortalecer la academia y que en ese sentido trabajar arduamente sobre todo en lo que tiene que ver con intercambios internacionales, cooperaci\u00f3n en investigaci\u00f3n y extensi\u00f3n, as\u00ed como en programas doctorales y maestr\u00edas<\/p>\n\n\n\n<p>\u00abVamos a trabajar en coordinaci\u00f3n con el embajador en todas las \u00e1reas&nbsp;para procurar hacer cada d\u00eda una mejor universidad y agradezco su disposici\u00f3n de acercar a nuestra academia a Qatar para obtener beneficios mutuos\u00bb expres\u00f3 la rectora Polanco Melo.<\/p>\n\n\n\n<p>De su lado, Basha Hazim destac\u00f3 la importancia de llegar a acuerdos con la universidad m\u00e1s antigua del Nuevo Mundo.<\/p>\n\n\n\n<p>Dijo que la Rep\u00fablica de Qatar ofrece oportunidades de estudios y tambi\u00e9n laborales, y que har\u00e1 su mayor esfuerzo para que el pa\u00eds pueda establecer una colaboraci\u00f3n provechosa con ese pa\u00eds.<\/p>\n\n\n\n<p>En el encuentro con el diplom\u00e1tico dominicano, tambi\u00e9n estuvieron presentes, el Secretario General, maestro Juan Antonio Cerda Luna, los&nbsp; vicerrectores de Extensi\u00f3n, maestro Antonio Medina; de Investigaci\u00f3n y Postgrado, doctor Mauro Canario y el Docente, maestro Alejandro Ozuna.<\/p>\n\n\n\n<p><strong><u>Pie de foto<\/u><\/strong><\/p>\n\n\n\n<p>La rectora de la UASD, doctora Emma Polanco Melo y el embajador dominicano en Qatar, se\u00f1or Georges Bahsa Hazim.<\/p>\n","protected":false},"excerpt":{"rendered":"<p>La rectora de la Universidad Aut\u00f3noma de Santo Domingo (UASD) doctora Emma Polanco Melo recibi\u00f3 la visita&nbsp; de cortes\u00eda del embajador dominicano en Qatar Georges Bahsa Hazim. Polanco Melo salud\u00f3 la visita&nbsp;del diplom\u00e1tico Bahsa Hazim con quien convers\u00f3 sobre el inter\u00e9s de estrechar las relaciones acad\u00e9micas con ese importante pa\u00eds. La doctora Polanco Melo manifest\u00f3 [&hellip;]<\/p>\n","protected":false},"author":7,"featured_media":290421,"comment_status":"closed","ping_status":"","sticky":true,"template":"","format":"standard","meta":{"footnotes":""},"categories":[20,27],"tags":[],"class_list":["post-290366","post","type-post","status-publish","format-standard","has-post-thumbnail","hentry","category-dominicana-hoy","category-portada"],"_links":{"self":[{"href":"https:\/\/diariodominicano.com\/index.php?rest_route=\/wp\/v2\/posts\/290366","targetHints":{"allow":["GET"]}}],"collection":[{"href":"https:\/\/diariodominicano.com\/index.php?rest_route=\/wp\/v2\/posts"}],"about":[{"href":"https:\/\/diariodominicano.com\/index.php?rest_route=\/wp\/v2\/types\/post"}],"author":[{"embeddable":true,"href":"https:\/\/diariodominicano.com\/index.php?rest_route=\/wp\/v2\/users\/7"}],"replies":[{"embeddable":true,"href":"https:\/\/diariodominicano.com\/index.php?rest_route=%2Fwp%2Fv2%2Fcomments&post=290366"}],"version-history":[{"count":1,"href":"https:\/\/diariodominicano.com\/index.php?rest_route=\/wp\/v2\/posts\/290366\/revisions"}],"predecessor-version":[{"id":290422,"href":"https:\/\/diariodominicano.com\/index.php?rest_route=\/wp\/v2\/posts\/290366\/revisions\/290422"}],"wp:featuredmedia":[{"embeddable":true,"href":"https:\/\/diariodominicano.com\/index.php?rest_route=\/wp\/v2\/media\/290421"}],"wp:attachment":[{"href":"https:\/\/diariodominicano.com\/index.php?rest_route=%2Fwp%2Fv2%2Fmedia&parent=290366"}],"wp:term":[{"taxonomy":"category","embeddable":true,"href":"https:\/\/diariodominicano.com\/index.php?rest_route=%2Fwp%2Fv2%2Fcategories&post=290366"},{"taxonomy":"post_tag","embeddable":true,"href":"https:\/\/diariodominicano.com\/index.php?rest_route=%2Fwp%2Fv2%2Ftags&post=290366"}],"curies":[{"name":"wp","href":"https:\/\/api.w.org\/{rel}","templated":true}]}}