{"id":290351,"date":"2021-08-02T20:34:57","date_gmt":"2021-08-03T00:34:57","guid":{"rendered":"http:\/\/diariodominicano.com\/?p=290351"},"modified":"2021-08-02T20:34:57","modified_gmt":"2021-08-03T00:34:57","slug":"se-suicida-un-tercer-policia-tras-responder-a-disturbios-en-capitolio","status":"publish","type":"post","link":"https:\/\/diariodominicano.com\/?p=290351","title":{"rendered":"Se suicida un tercer polic\u00eda tras responder a disturbios en Capitolio"},"content":{"rendered":"\n<h3 class=\"wp-block-heading\">diariodominicano.com<a rel=\"noreferrer noopener\" href=\"http:\/\/home.xinhua-news.com\/gdsdetailxhs\/share\/9771159-?pageflag=iframe\" target=\"_blank\"><\/a><\/h3>\n\n\n\n<pre id=\"text-news-description\" class=\"wp-block-preformatted\">   WASHINGTON, 2 ago (Xinhua) -- Gunther Hashida, quien respondi\u00f3 a los disturbios del 6 de enero en el Capitolio de Estados Unidos, se convirti\u00f3 en el tercer oficial de polic\u00eda que se suicida, dijeron hoy las autoridades.\n   El oficial, asignado al Equipo de Respuesta de Emergencia de la Divisi\u00f3n de Operaciones Especiales, fue encontrado muerto en su residencia el jueves, indic\u00f3 la portavoz del Departamento de Polic\u00eda Metropolitana, Kristen Metzger, en una declaraci\u00f3n.\n   El oficial de la polic\u00eda metropolitana, Jeffrey Smith, y el oficial de polic\u00eda del Capitolio, Howard Liebengood, quienes tambi\u00e9n respondieron a los disturbios, se suicidaron este a\u00f1o. Antes de eso, el oficial de polic\u00eda del Capitolio, Brian Sicknick, sufri\u00f3 embolias y falleci\u00f3 un d\u00eda despu\u00e9s de responder al ataque.\n   El Departamento de Justicia ha acusado a m\u00e1s de 550 personas relacionadas con el ataque, seg\u00fan el conteo m\u00e1s reciente de CNN.\n   Un hombre de 38 a\u00f1os del estado de Florida, sureste de Estados Unidos, fue condenado en julio a ocho meses de prisi\u00f3n por irrumpir en el Congreso, con lo que se convirti\u00f3 en el primer agitador presente en el Capitolio el 6 de enero acusado de un delito grave en ser sentenciado.\n   Cinco personas, incluyendo a Sicknick, murieron en los disturbios cuando cientos de simpatizantes del ex presidente Donald Trump irrumpieron en el Capitolio para evitar que el Congreso certificara la victoria de Joe Biden en la elecci\u00f3n presidencial. <\/pre>\n","protected":false},"excerpt":{"rendered":"<p>diariodominicano.com WASHINGTON, 2 ago (Xinhua) &#8212; Gunther Hashida, quien respondi\u00f3 a los disturbios del 6 de enero en el Capitolio de Estados Unidos, se convirti\u00f3 en el tercer oficial de polic\u00eda que se suicida, dijeron hoy las autoridades. El oficial, asignado al Equipo de Respuesta de Emergencia de la Divisi\u00f3n de Operaciones Especiales, fue encontrado [&hellip;]<\/p>\n","protected":false},"author":5,"featured_media":290370,"comment_status":"closed","ping_status":"","sticky":true,"template":"","format":"standard","meta":{"footnotes":""},"categories":[23,27],"tags":[],"class_list":["post-290351","post","type-post","status-publish","format-standard","has-post-thumbnail","hentry","category-internacional","category-portada"],"_links":{"self":[{"href":"https:\/\/diariodominicano.com\/index.php?rest_route=\/wp\/v2\/posts\/290351","targetHints":{"allow":["GET"]}}],"collection":[{"href":"https:\/\/diariodominicano.com\/index.php?rest_route=\/wp\/v2\/posts"}],"about":[{"href":"https:\/\/diariodominicano.com\/index.php?rest_route=\/wp\/v2\/types\/post"}],"author":[{"embeddable":true,"href":"https:\/\/diariodominicano.com\/index.php?rest_route=\/wp\/v2\/users\/5"}],"replies":[{"embeddable":true,"href":"https:\/\/diariodominicano.com\/index.php?rest_route=%2Fwp%2Fv2%2Fcomments&post=290351"}],"version-history":[{"count":1,"href":"https:\/\/diariodominicano.com\/index.php?rest_route=\/wp\/v2\/posts\/290351\/revisions"}],"predecessor-version":[{"id":290371,"href":"https:\/\/diariodominicano.com\/index.php?rest_route=\/wp\/v2\/posts\/290351\/revisions\/290371"}],"wp:featuredmedia":[{"embeddable":true,"href":"https:\/\/diariodominicano.com\/index.php?rest_route=\/wp\/v2\/media\/290370"}],"wp:attachment":[{"href":"https:\/\/diariodominicano.com\/index.php?rest_route=%2Fwp%2Fv2%2Fmedia&parent=290351"}],"wp:term":[{"taxonomy":"category","embeddable":true,"href":"https:\/\/diariodominicano.com\/index.php?rest_route=%2Fwp%2Fv2%2Fcategories&post=290351"},{"taxonomy":"post_tag","embeddable":true,"href":"https:\/\/diariodominicano.com\/index.php?rest_route=%2Fwp%2Fv2%2Ftags&post=290351"}],"curies":[{"name":"wp","href":"https:\/\/api.w.org\/{rel}","templated":true}]}}