{"id":290340,"date":"2021-08-02T16:28:52","date_gmt":"2021-08-02T20:28:52","guid":{"rendered":"http:\/\/diariodominicano.com\/?p=290340"},"modified":"2021-08-02T16:28:52","modified_gmt":"2021-08-02T20:28:52","slug":"mide-felicita-atletas-fuerzas-armadas-destaca-participacion-atletas-militares-en-olimpiadas-tokio-2020","status":"publish","type":"post","link":"https:\/\/diariodominicano.com\/?p=290340","title":{"rendered":"MIDE felicita atletas. Fuerzas Armadas destaca participaci\u00f3n atletas militares en Olimpiadas Tokio 2020"},"content":{"rendered":"\n<p>diariodominicano.com<\/p>\n\n\n\n<p>Santo Domingo, R. D., 2 de agosto, 2021<strong>.-  <\/strong>El Ministerio de Defensa (MIDE) manifest\u00f3 sus felicitaciones a los medallistas ol\u00edmpicos miembros de las Fuerzas Armadas y la Polic\u00eda Nacional, que han alcanzado preseas durante los Juegos Ol\u00edmpicos que se celebran en Tokio, Jap\u00f3n.<\/p>\n\n\n\n<div class=\"wp-block-image\"><figure class=\"alignright size-large is-resized\"><img loading=\"lazy\" decoding=\"async\" src=\"https:\/\/diariodominicano.com\/wp-content\/uploads\/2021\/08\/Medallas-2021-08-02.jpeg\" alt=\"\" class=\"wp-image-290342\" width=\"249\" height=\"170\" srcset=\"https:\/\/diariodominicano.com\/wp-content\/uploads\/2021\/08\/Medallas-2021-08-02.jpeg 875w, https:\/\/diariodominicano.com\/wp-content\/uploads\/2021\/08\/Medallas-2021-08-02-300x205.jpeg 300w, https:\/\/diariodominicano.com\/wp-content\/uploads\/2021\/08\/Medallas-2021-08-02-768x525.jpeg 768w, https:\/\/diariodominicano.com\/wp-content\/uploads\/2021\/08\/Medallas-2021-08-02-816x558.jpeg 816w\" sizes=\"auto, (max-width: 249px) 100vw, 249px\" \/><\/figure><\/div>\n\n\n\n<p>Las felicitaciones fueron dirigidas al Cabo Deportista <strong>Zacar\u00edas Bonnet<\/strong>, de la Fuerza A\u00e9rea en la categor\u00eda de 81 kilogramos de Levantamiento de pesas, por ser el primer atleta que inscribi\u00f3 el nombre de Rep\u00fablica Dominicana en el cuadro de medallas con un segundo lugar (medalla de Plata) de la justa deportiva.&nbsp;<\/p>\n\n\n\n<p>&nbsp;La segunda medalla de plata para el pa\u00eds, fue obtenida en la competencia de relevos mixtos de 4 x 400 metros, una prueba de atletismo de reciente introducci\u00f3n en el programa atl\u00e9tico de las Fuerzas Armadas, donde el equipo ol\u00edmpico ganador estuvo compuesto por los Cabos de la Fuerza A\u00e9rea <strong>Marileidy Paulino<\/strong>, <strong>Anabel Medina Ventura<\/strong>, <strong>Lidio Andr\u00e9s Feliz<\/strong> y el Raso <strong>Alexander Ogando<\/strong>.<\/p>\n\n\n\n<div class=\"wp-block-image\"><figure class=\"alignleft size-large is-resized\"><img loading=\"lazy\" decoding=\"async\" src=\"https:\/\/diariodominicano.com\/wp-content\/uploads\/2021\/08\/Medallistas-2021-08-02-.jpeg\" alt=\"\" class=\"wp-image-290343\" width=\"329\" height=\"329\" srcset=\"https:\/\/diariodominicano.com\/wp-content\/uploads\/2021\/08\/Medallistas-2021-08-02-.jpeg 853w, https:\/\/diariodominicano.com\/wp-content\/uploads\/2021\/08\/Medallistas-2021-08-02--300x300.jpeg 300w, https:\/\/diariodominicano.com\/wp-content\/uploads\/2021\/08\/Medallistas-2021-08-02--150x150.jpeg 150w, https:\/\/diariodominicano.com\/wp-content\/uploads\/2021\/08\/Medallistas-2021-08-02--768x768.jpeg 768w, https:\/\/diariodominicano.com\/wp-content\/uploads\/2021\/08\/Medallistas-2021-08-02--88x88.jpeg 88w, https:\/\/diariodominicano.com\/wp-content\/uploads\/2021\/08\/Medallistas-2021-08-02--816x816.jpeg 816w\" sizes=\"auto, (max-width: 329px) 100vw, 329px\" \/><\/figure><\/div>\n\n\n\n<p>Los atletas obtuvieron la presea tras alcanzar un tiempo de 3 minutos, 10 segundos y 21 d\u00e9cimas, triunfo con el cual, <strong>Paulino <\/strong>y &nbsp;<strong>Medina<\/strong> se convierten en las primeras mujeres dominicanas en&nbsp;&nbsp;alcanzar este t\u00edtulo. Se destaca, adem\u00e1s, que el Capit\u00e1n <strong>Luguel\u00edn Santos Aquino<\/strong>, de la misma instituci\u00f3n militar, hab\u00eda corrido como suplente del equipo, para conseguir el pase a la final.<\/p>\n\n\n\n<p>Participan en esta edici\u00f3n de los Juegos Ol\u00edmpicos Tokio 2020, un total de sesenta y seis (66) atletas dominicanos en once (11) disciplinas deportivas, de los cuales m\u00e1s de 20 son miembros de las Fuerzas Armadas. Actualmente el pa\u00eds, ocupa la posici\u00f3n No. 58 de 75 pa\u00edses en el medallero ol\u00edmpico, con dos preseas de plata y una de bronce, obtenida por la Cabo <strong>Crismery Santa<\/strong>, PN.<\/p>\n\n\n\n<p>Fuente: <strong>Prensa Mide<\/strong><\/p>\n","protected":false},"excerpt":{"rendered":"<p>diariodominicano.com Santo Domingo, R. D., 2 de agosto, 2021.- El Ministerio de Defensa (MIDE) manifest\u00f3 sus felicitaciones a los medallistas ol\u00edmpicos miembros de las Fuerzas Armadas y la Polic\u00eda Nacional, que han alcanzado preseas durante los Juegos Ol\u00edmpicos que se celebran en Tokio, Jap\u00f3n. Las felicitaciones fueron dirigidas al Cabo Deportista Zacar\u00edas Bonnet, de la [&hellip;]<\/p>\n","protected":false},"author":5,"featured_media":290341,"comment_status":"closed","ping_status":"","sticky":true,"template":"","format":"standard","meta":{"footnotes":""},"categories":[20,27],"tags":[],"class_list":["post-290340","post","type-post","status-publish","format-standard","has-post-thumbnail","hentry","category-dominicana-hoy","category-portada"],"_links":{"self":[{"href":"https:\/\/diariodominicano.com\/index.php?rest_route=\/wp\/v2\/posts\/290340","targetHints":{"allow":["GET"]}}],"collection":[{"href":"https:\/\/diariodominicano.com\/index.php?rest_route=\/wp\/v2\/posts"}],"about":[{"href":"https:\/\/diariodominicano.com\/index.php?rest_route=\/wp\/v2\/types\/post"}],"author":[{"embeddable":true,"href":"https:\/\/diariodominicano.com\/index.php?rest_route=\/wp\/v2\/users\/5"}],"replies":[{"embeddable":true,"href":"https:\/\/diariodominicano.com\/index.php?rest_route=%2Fwp%2Fv2%2Fcomments&post=290340"}],"version-history":[{"count":1,"href":"https:\/\/diariodominicano.com\/index.php?rest_route=\/wp\/v2\/posts\/290340\/revisions"}],"predecessor-version":[{"id":290344,"href":"https:\/\/diariodominicano.com\/index.php?rest_route=\/wp\/v2\/posts\/290340\/revisions\/290344"}],"wp:featuredmedia":[{"embeddable":true,"href":"https:\/\/diariodominicano.com\/index.php?rest_route=\/wp\/v2\/media\/290341"}],"wp:attachment":[{"href":"https:\/\/diariodominicano.com\/index.php?rest_route=%2Fwp%2Fv2%2Fmedia&parent=290340"}],"wp:term":[{"taxonomy":"category","embeddable":true,"href":"https:\/\/diariodominicano.com\/index.php?rest_route=%2Fwp%2Fv2%2Fcategories&post=290340"},{"taxonomy":"post_tag","embeddable":true,"href":"https:\/\/diariodominicano.com\/index.php?rest_route=%2Fwp%2Fv2%2Ftags&post=290340"}],"curies":[{"name":"wp","href":"https:\/\/api.w.org\/{rel}","templated":true}]}}