{"id":290334,"date":"2021-08-02T16:01:49","date_gmt":"2021-08-02T20:01:49","guid":{"rendered":"http:\/\/diariodominicano.com\/?p=290334"},"modified":"2021-08-02T16:01:49","modified_gmt":"2021-08-02T20:01:49","slug":"croacia-envia-a-turquia-avion-de-extincion-de-incendios-para-ayudar-a-combatir-incendios-forestales","status":"publish","type":"post","link":"https:\/\/diariodominicano.com\/?p=290334","title":{"rendered":"Croacia env\u00eda a Turqu\u00eda avi\u00f3n de extinci\u00f3n de incendios para ayudar a combatir incendios forestales"},"content":{"rendered":"\n<p>diariodominicano.com<\/p>\n\n\n\n<pre id=\"text-news-description\" class=\"wp-block-preformatted\">   ZAGREB, 2 ago (Xinhua) -- Las fuerzas armadas de Croacia enviaron hoy a Turqu\u00eda un avi\u00f3n de extinci\u00f3n de incendios con el fin de ayudar al pa\u00eds a combatir los incendios forestales en su territorio.\n   La ayuda humanitaria fue solicitada por Turqu\u00eda, y la decisi\u00f3n de enviar el avi\u00f3n fue tomada por el ministro de Defensa de Croacia, Mario Banozic, despu\u00e9s de consultar con el presidente Zoran Milanovic y con el primer ministro Andrej Plenkovic.\n   El avi\u00f3n Canadair CL-515 de la fuerza a\u00e9rea croata viaj\u00f3 a Turqu\u00eda con dos tripulaciones integradas por seis elementos de las fuerzas armadas y cuatro t\u00e9cnicos de aviaci\u00f3n\n   El Ministerio de Defensa de Croacia dijo hoy que proporcionar ayuda humanitaria al extranjero es una de las mayores tareas del ej\u00e9rcito croata.\n   En los \u00faltimos a\u00f1os, miembros del ej\u00e9rcito croata han proporcionado ayuda en el combate a incendios en muchos pa\u00edses europeos.<\/pre>\n","protected":false},"excerpt":{"rendered":"<p>diariodominicano.com ZAGREB, 2 ago (Xinhua) &#8212; Las fuerzas armadas de Croacia enviaron hoy a Turqu\u00eda un avi\u00f3n de extinci\u00f3n de incendios con el fin de ayudar al pa\u00eds a combatir los incendios forestales en su territorio. La ayuda humanitaria fue solicitada por Turqu\u00eda, y la decisi\u00f3n de enviar el avi\u00f3n fue tomada por el ministro [&hellip;]<\/p>\n","protected":false},"author":5,"featured_media":290335,"comment_status":"closed","ping_status":"","sticky":true,"template":"","format":"standard","meta":{"footnotes":""},"categories":[23,27],"tags":[],"class_list":["post-290334","post","type-post","status-publish","format-standard","has-post-thumbnail","hentry","category-internacional","category-portada"],"_links":{"self":[{"href":"https:\/\/diariodominicano.com\/index.php?rest_route=\/wp\/v2\/posts\/290334","targetHints":{"allow":["GET"]}}],"collection":[{"href":"https:\/\/diariodominicano.com\/index.php?rest_route=\/wp\/v2\/posts"}],"about":[{"href":"https:\/\/diariodominicano.com\/index.php?rest_route=\/wp\/v2\/types\/post"}],"author":[{"embeddable":true,"href":"https:\/\/diariodominicano.com\/index.php?rest_route=\/wp\/v2\/users\/5"}],"replies":[{"embeddable":true,"href":"https:\/\/diariodominicano.com\/index.php?rest_route=%2Fwp%2Fv2%2Fcomments&post=290334"}],"version-history":[{"count":1,"href":"https:\/\/diariodominicano.com\/index.php?rest_route=\/wp\/v2\/posts\/290334\/revisions"}],"predecessor-version":[{"id":290336,"href":"https:\/\/diariodominicano.com\/index.php?rest_route=\/wp\/v2\/posts\/290334\/revisions\/290336"}],"wp:featuredmedia":[{"embeddable":true,"href":"https:\/\/diariodominicano.com\/index.php?rest_route=\/wp\/v2\/media\/290335"}],"wp:attachment":[{"href":"https:\/\/diariodominicano.com\/index.php?rest_route=%2Fwp%2Fv2%2Fmedia&parent=290334"}],"wp:term":[{"taxonomy":"category","embeddable":true,"href":"https:\/\/diariodominicano.com\/index.php?rest_route=%2Fwp%2Fv2%2Fcategories&post=290334"},{"taxonomy":"post_tag","embeddable":true,"href":"https:\/\/diariodominicano.com\/index.php?rest_route=%2Fwp%2Fv2%2Ftags&post=290334"}],"curies":[{"name":"wp","href":"https:\/\/api.w.org\/{rel}","templated":true}]}}