{"id":290331,"date":"2021-08-02T15:55:33","date_gmt":"2021-08-02T19:55:33","guid":{"rendered":"http:\/\/diariodominicano.com\/?p=290331"},"modified":"2021-08-02T15:55:33","modified_gmt":"2021-08-02T19:55:33","slug":"tres-meses-de-prision-preventiva-contra-hombre-que-agredio-a-su-expareja","status":"publish","type":"post","link":"https:\/\/diariodominicano.com\/?p=290331","title":{"rendered":"Tres meses de prisi\u00f3n preventiva contra hombre que agredi\u00f3 a su expareja"},"content":{"rendered":"\n<p>diariodominicano.com<\/p>\n\n\n\n<p>San Pedro de Macor\u00eds, R. D., 2 de agosto, 2021.- Atendiendo una solicitud del Ministerio P\u00fablico, el Juzgado de Atenci\u00f3n Permanente de esta provincia impuso tres meses de prisi\u00f3n preventiva contra un hombre que agredi\u00f3 f\u00edsica y psicol\u00f3gicamente a su expareja.<\/p>\n\n\n\n<p>Orlando Ram\u00edrez Medina, expareja Mildred Alexandra Rivas Felizola, se present\u00f3 en la residencia de la mujer de nacionalidad venezolana con el pretexto de llevarle dinero para su mudanza, pero al llegar empez\u00f3 a agredirla f\u00edsica, verbal y psicol\u00f3gicamente.<\/p>\n\n\n\n<p>El Ministerio P\u00fablico, representado por Olga Lida Coss Acevedo, coordinadora de la Unidad de Atenci\u00f3n a V\u00edctimas de Violencia de San Pedro de Macor\u00eds, solicit\u00f3 prisi\u00f3n preventiva para Ram\u00edrez Medina tras evaluar el peligro de fuga del imputado, pedimento acogido por el tribunal.<\/p>\n\n\n\n<p>Rivas Felizola interpuso, el pasado 23 de julio, una denuncia de agresi\u00f3n por ante el Ministerio P\u00fablico de la Unidad de Atenci\u00f3n a la Violencia de G\u00e9nero, Intrafamiliar y Delitos Sexuales de San Pedro de Macor\u00eds.<\/p>\n\n\n\n<p>Fuente:  <strong>Direcci\u00f3n de Comunicaci\u00f3n y Prensa<\/strong><\/p>\n\n\n\n<p><strong>Procuradur\u00eda General-Ministerio P\u00fablico RD<\/strong><\/p>\n\n\n\n<p><strong>Lunes, 2 de agosto de 202<\/strong>1<\/p>\n\n\n\n<p><strong>Direcci\u00f3n General de Comunicaciones, Prensa y Relaciones P\u00fablicas<\/strong><\/p>\n\n\n\n<p>Procuradur\u00eda General de la Rep\u00fablica Dominicana<\/p>\n","protected":false},"excerpt":{"rendered":"<p>diariodominicano.com San Pedro de Macor\u00eds, R. D., 2 de agosto, 2021.- Atendiendo una solicitud del Ministerio P\u00fablico, el Juzgado de Atenci\u00f3n Permanente de esta provincia impuso tres meses de prisi\u00f3n preventiva contra un hombre que agredi\u00f3 f\u00edsica y psicol\u00f3gicamente a su expareja. Orlando Ram\u00edrez Medina, expareja Mildred Alexandra Rivas Felizola, se present\u00f3 en la residencia [&hellip;]<\/p>\n","protected":false},"author":5,"featured_media":290332,"comment_status":"closed","ping_status":"","sticky":true,"template":"","format":"standard","meta":{"footnotes":""},"categories":[24,27],"tags":[],"class_list":["post-290331","post","type-post","status-publish","format-standard","has-post-thumbnail","hentry","category-justicia-y-derecho","category-portada"],"_links":{"self":[{"href":"https:\/\/diariodominicano.com\/index.php?rest_route=\/wp\/v2\/posts\/290331","targetHints":{"allow":["GET"]}}],"collection":[{"href":"https:\/\/diariodominicano.com\/index.php?rest_route=\/wp\/v2\/posts"}],"about":[{"href":"https:\/\/diariodominicano.com\/index.php?rest_route=\/wp\/v2\/types\/post"}],"author":[{"embeddable":true,"href":"https:\/\/diariodominicano.com\/index.php?rest_route=\/wp\/v2\/users\/5"}],"replies":[{"embeddable":true,"href":"https:\/\/diariodominicano.com\/index.php?rest_route=%2Fwp%2Fv2%2Fcomments&post=290331"}],"version-history":[{"count":1,"href":"https:\/\/diariodominicano.com\/index.php?rest_route=\/wp\/v2\/posts\/290331\/revisions"}],"predecessor-version":[{"id":290333,"href":"https:\/\/diariodominicano.com\/index.php?rest_route=\/wp\/v2\/posts\/290331\/revisions\/290333"}],"wp:featuredmedia":[{"embeddable":true,"href":"https:\/\/diariodominicano.com\/index.php?rest_route=\/wp\/v2\/media\/290332"}],"wp:attachment":[{"href":"https:\/\/diariodominicano.com\/index.php?rest_route=%2Fwp%2Fv2%2Fmedia&parent=290331"}],"wp:term":[{"taxonomy":"category","embeddable":true,"href":"https:\/\/diariodominicano.com\/index.php?rest_route=%2Fwp%2Fv2%2Fcategories&post=290331"},{"taxonomy":"post_tag","embeddable":true,"href":"https:\/\/diariodominicano.com\/index.php?rest_route=%2Fwp%2Fv2%2Ftags&post=290331"}],"curies":[{"name":"wp","href":"https:\/\/api.w.org\/{rel}","templated":true}]}}