{"id":290323,"date":"2021-08-02T14:59:29","date_gmt":"2021-08-02T18:59:29","guid":{"rendered":"http:\/\/diariodominicano.com\/?p=290323"},"modified":"2021-08-02T14:59:29","modified_gmt":"2021-08-02T18:59:29","slug":"israel-elevara-gradualmente-edad-de-retiro-para-mujeres-de-62-a-65-anos","status":"publish","type":"post","link":"https:\/\/diariodominicano.com\/?p=290323","title":{"rendered":"Israel elevar\u00e1 gradualmente edad de retiro para mujeres de 62 a 65 a\u00f1os"},"content":{"rendered":"\n<h3 class=\"wp-block-heading\">diariodominicano.com<a rel=\"noreferrer noopener\" href=\"http:\/\/home.xinhua-news.com\/gdsdetailxhs\/share\/9770806-?pageflag=iframe\" target=\"_blank\"><\/a><\/h3>\n\n\n\n<pre id=\"text-news-description\" class=\"wp-block-preformatted\">   JERUSAL\u00c9N, 2 ago (Xinhua) -- El Gobierno de Israel decidi\u00f3 elevar gradualmente la edad de retiro de las mujeres de 62 a 65 a\u00f1os, dijo hoy lunes el Ministerio de Finanzas en un comunicado.\n   De acuerdo con la nueva decisi\u00f3n, la edad de retiro para mujeres en Israel se incrementar\u00e1 en cuatro meses al a\u00f1o durante tres a\u00f1os, y en tres meses al a\u00f1o durante otros ocho a\u00f1os a\u00f1os.\n   La edad actual de retiro para las mujeres no es compatible con el incremento significativo en la expectativa de vida y el actual proceso de envejecimiento de la poblaci\u00f3n en Israel, se\u00f1ala el comunicado.\n   \"La baja edad de retiro de las mujeres afecta adversamente los \u00edndices de empleo de mujeres de mayor edad y su estatus en el mercado laboral, da\u00f1ando su capacidad para mantener un adecuado est\u00e1ndar de vida despu\u00e9s del retiro\", indic\u00f3.\n   Adem\u00e1s, el envejecimiento de la poblaci\u00f3n en Israel conducir\u00e1 a un dram\u00e1tico incremento en los costos de pensiones y de salud del Estado, lo cual pondr\u00e1 en peligro la estabilidad del seguro nacional, a\u00f1adi\u00f3. <\/pre>\n","protected":false},"excerpt":{"rendered":"<p>diariodominicano.com JERUSAL\u00c9N, 2 ago (Xinhua) &#8212; El Gobierno de Israel decidi\u00f3 elevar gradualmente la edad de retiro de las mujeres de 62 a 65 a\u00f1os, dijo hoy lunes el Ministerio de Finanzas en un comunicado. De acuerdo con la nueva decisi\u00f3n, la edad de retiro para mujeres en Israel se incrementar\u00e1 en cuatro meses al [&hellip;]<\/p>\n","protected":false},"author":5,"featured_media":290324,"comment_status":"closed","ping_status":"","sticky":true,"template":"","format":"standard","meta":{"footnotes":""},"categories":[23,27],"tags":[],"class_list":["post-290323","post","type-post","status-publish","format-standard","has-post-thumbnail","hentry","category-internacional","category-portada"],"_links":{"self":[{"href":"https:\/\/diariodominicano.com\/index.php?rest_route=\/wp\/v2\/posts\/290323","targetHints":{"allow":["GET"]}}],"collection":[{"href":"https:\/\/diariodominicano.com\/index.php?rest_route=\/wp\/v2\/posts"}],"about":[{"href":"https:\/\/diariodominicano.com\/index.php?rest_route=\/wp\/v2\/types\/post"}],"author":[{"embeddable":true,"href":"https:\/\/diariodominicano.com\/index.php?rest_route=\/wp\/v2\/users\/5"}],"replies":[{"embeddable":true,"href":"https:\/\/diariodominicano.com\/index.php?rest_route=%2Fwp%2Fv2%2Fcomments&post=290323"}],"version-history":[{"count":1,"href":"https:\/\/diariodominicano.com\/index.php?rest_route=\/wp\/v2\/posts\/290323\/revisions"}],"predecessor-version":[{"id":290325,"href":"https:\/\/diariodominicano.com\/index.php?rest_route=\/wp\/v2\/posts\/290323\/revisions\/290325"}],"wp:featuredmedia":[{"embeddable":true,"href":"https:\/\/diariodominicano.com\/index.php?rest_route=\/wp\/v2\/media\/290324"}],"wp:attachment":[{"href":"https:\/\/diariodominicano.com\/index.php?rest_route=%2Fwp%2Fv2%2Fmedia&parent=290323"}],"wp:term":[{"taxonomy":"category","embeddable":true,"href":"https:\/\/diariodominicano.com\/index.php?rest_route=%2Fwp%2Fv2%2Fcategories&post=290323"},{"taxonomy":"post_tag","embeddable":true,"href":"https:\/\/diariodominicano.com\/index.php?rest_route=%2Fwp%2Fv2%2Ftags&post=290323"}],"curies":[{"name":"wp","href":"https:\/\/api.w.org\/{rel}","templated":true}]}}