{"id":290320,"date":"2021-08-02T14:47:51","date_gmt":"2021-08-02T18:47:51","guid":{"rendered":"http:\/\/diariodominicano.com\/?p=290320"},"modified":"2021-08-02T14:47:51","modified_gmt":"2021-08-02T18:47:51","slug":"gobierno-firma-acuerdo-para-establecer-salas-de-lactancia-en-las-empresas-y-entidades-gubernamentales","status":"publish","type":"post","link":"https:\/\/diariodominicano.com\/?p=290320","title":{"rendered":"Gobierno firma acuerdo para establecer salas de lactancia en las empresas y entidades gubernamentales"},"content":{"rendered":"\n<p><strong>Santo Domingo, R. D., 2 de agosto, 2021.-<\/strong>\u00a0 A trav\u00e9s del Ministerio de Trabajo y el Ministerio de Salud P\u00fablica y Asistencia Social,\u00a0el Estados trabaja la implicaci\u00f3n de salas de lactancia. Ambas sellaron un acuerdo interinstitucional que tiene el objetivo de promover la instalaci\u00f3n de \u201cSalas Amigas de las Familias Lactantes\u201d en empresas p\u00fablicas y privadas, para fomentar as\u00ed la lactancia materna como elemento clave para prevenir enfermedades en la primera infancia y mejorar el \u00edndice nutricional.<\/p>\n\n\n\n<p>El acuerdo rubricado por el ministro de Trabajo, Luis Miguel De Camps Garc\u00eda, y el ministro de Salud, doctor Daniel Rivera, establece que las entidades se comprometen&nbsp;a establecer los protocolos de salud, higiene y seguridad para que las instituciones que deseen instalar salas de lactancia sean certificadas.<\/p>\n\n\n\n<p>Durante el acto que se realiz\u00f3 a prop\u00f3sito de celebrarse del 1ro al 7 de agosto \u201cLa Semana Mundial de la Lactancia Materna\u201d, se develiz\u00f3 la placa que certifica e inaugura la Sala Amiga de las Familias Lactantes del Ministerio de Trabajo, la cual cuenta con el mobiliario y los equipos necesarios para la extracci\u00f3n y conservaci\u00f3n de la leche materna, cumpliendo con las normas de higiene y seguridad necesarias para su funcionamiento.<\/p>\n\n\n\n<p>El ministro de Trabajo expres\u00f3 que: \u201cEs importante que las empresas y las instituciones tomen consciencia de este tema, pero adem\u00e1s de lo que es mantener la estabilidad de las familias pese a las largas rutinas de trabajo que muchos trabajadores viven en el d\u00eda a d\u00eda. Y que, adem\u00e1s, sin duda alguna una madre lactante merece y necesita un espacio de relajaci\u00f3n y de intimidad, donde luego de retornar a su rutina de trabajo pueda continuar brindando a sus hijos la leche materna.<\/p>\n\n\n\n<p>\u201cEl Ministerio de Trabajo, no solo tiene el rol de promover y velar por el cumplimiento de los derechos y deberes de los trabajadores y empresarios en torno a la parte econ\u00f3mica y a la permanencia en los puestos de trabajo; sino que adem\u00e1s tenemos el firme compromiso de ser los principales promotores de la salud en el trabajo, tanto la mental como la f\u00edsica, manteniendo los est\u00e1ndares de higiene y seguridad que permitan que estos espacios donde se desarrollan las labores, sean espacios e infraestructuras seguras y que casi en su totalidad reduzcan el n\u00famero de riesgos de accidentes laborales\u201d, concluy\u00f3&nbsp;De Camps.<\/p>\n\n\n\n<p>En tanto que el ministro de Salud, doctor Daniel Rivera resalt\u00f3 que&nbsp;este convenio, razonado con el marco legal del pa\u00eds (leyes 8-95 de protecci\u00f3n y Fomento a la Lactancia Materna y la ley de trabajo 16-92 referente a protecci\u00f3n a la maternidad), tiene acciones conjuntas para crear un entorno amigable y as\u00ed proteger y apoyar la pr\u00e1ctica de la lactancia materna, que ayudar\u00e1 a garantizar la supervivencia, la salud y el bienestar de la ni\u00f1ez y sus familias, adem\u00e1s es la clave para lograr los Objetivos de Desarrollo Sostenible, sin dejar a nadie atr\u00e1s.<\/p>\n\n\n\n<p>&nbsp;\u201cEn Rep\u00fablica Dominicana promovemos las&nbsp;<strong>Salas Amigas de la Familia Lactante en el Entorno Laboral<\/strong>&nbsp;por ser una intervenci\u00f3n que contribuye a aumentar la tasa de la lactancia materna exclusiva y los derechos de la ni\u00f1ez a una alimentaci\u00f3n \u00f3ptima. Estamos aqu\u00ed, precisamente, para la firma de este convenio en la b\u00fasqueda de protecci\u00f3n y apoyo a la madre trabajadora&nbsp;para que<strong>&nbsp;<\/strong>contin\u00faen lactando a su beb\u00e9, luego de retornar a sus actividades laborales\u201d&nbsp;puntualiz\u00f3 el doctor Rivera.<\/p>\n\n\n\n<p>Mediante el acuerdo firmado, las partes establecen dentro de los requisitos para la certificaci\u00f3n de las salas de lactancia, disponer de pol\u00edticas que promuevan la corresponsabilidad de las mujeres gestantes, madres en lactancia, familia y comunidad institucional, mediante el reconocimiento de &nbsp;los derechos y aportes de las mujeres en la infancia, para contribuir a la salud de las madres trabajadoras y a la de sus hijos e hijas, empoder\u00e1ndolas en la toma de decisiones libres de presiones comerciales, y a disfrutar plenamente sus derechos.<\/p>\n\n\n\n<p>Durante el acto de firma de acuerdo, estuvieron presentes, adem\u00e1s, autoridades de ambos Ministerios, y representantes de los sectores trabajador y empresarial.<\/p>\n\n\n\n<p><strong>La estrategia<\/strong><\/p>\n\n\n\n<p>La&nbsp;Estrategia Mundial para la Alimentaci\u00f3n del Lactante y del Ni\u00f1o Peque\u00f1o, preparada por la OMS y UNICEF, establece acciones que deben realizar los pa\u00edses miembros a fin de lograr una eficaz protecci\u00f3n, promoci\u00f3n y pr\u00e1ctica de la lactancia natural y&nbsp;se basa en pruebas cient\u00edficas de la importancia de la nutrici\u00f3n en los primeros meses y a\u00f1os de vida y del papel fundamental que juegan las pr\u00e1cticas de alimentaci\u00f3n adecuadas para lograr un estado de salud \u00f3ptimo.<\/p>\n\n\n\n<p>Se ha demostrado que con el solo hecho de fomentar la lactancia materna se disminuyen las muertes infantiles hasta en m\u00e1s de un 13%., conformes (Serie Lancet del 2016).<\/p>\n\n\n\n<p>Fuente:  Direcci\u00f3n de Prensa<\/p>\n\n\n\n<p>Presidencia de la Rep\u00fablica Dominicana<\/p>\n","protected":false},"excerpt":{"rendered":"<p>Santo Domingo, R. D., 2 de agosto, 2021.-\u00a0 A trav\u00e9s del Ministerio de Trabajo y el Ministerio de Salud P\u00fablica y Asistencia Social,\u00a0el Estados trabaja la implicaci\u00f3n de salas de lactancia. Ambas sellaron un acuerdo interinstitucional que tiene el objetivo de promover la instalaci\u00f3n de \u201cSalas Amigas de las Familias Lactantes\u201d en empresas p\u00fablicas y [&hellip;]<\/p>\n","protected":false},"author":5,"featured_media":290321,"comment_status":"closed","ping_status":"","sticky":true,"template":"","format":"standard","meta":{"footnotes":""},"categories":[20,27],"tags":[],"class_list":["post-290320","post","type-post","status-publish","format-standard","has-post-thumbnail","hentry","category-dominicana-hoy","category-portada"],"_links":{"self":[{"href":"https:\/\/diariodominicano.com\/index.php?rest_route=\/wp\/v2\/posts\/290320","targetHints":{"allow":["GET"]}}],"collection":[{"href":"https:\/\/diariodominicano.com\/index.php?rest_route=\/wp\/v2\/posts"}],"about":[{"href":"https:\/\/diariodominicano.com\/index.php?rest_route=\/wp\/v2\/types\/post"}],"author":[{"embeddable":true,"href":"https:\/\/diariodominicano.com\/index.php?rest_route=\/wp\/v2\/users\/5"}],"replies":[{"embeddable":true,"href":"https:\/\/diariodominicano.com\/index.php?rest_route=%2Fwp%2Fv2%2Fcomments&post=290320"}],"version-history":[{"count":1,"href":"https:\/\/diariodominicano.com\/index.php?rest_route=\/wp\/v2\/posts\/290320\/revisions"}],"predecessor-version":[{"id":290322,"href":"https:\/\/diariodominicano.com\/index.php?rest_route=\/wp\/v2\/posts\/290320\/revisions\/290322"}],"wp:featuredmedia":[{"embeddable":true,"href":"https:\/\/diariodominicano.com\/index.php?rest_route=\/wp\/v2\/media\/290321"}],"wp:attachment":[{"href":"https:\/\/diariodominicano.com\/index.php?rest_route=%2Fwp%2Fv2%2Fmedia&parent=290320"}],"wp:term":[{"taxonomy":"category","embeddable":true,"href":"https:\/\/diariodominicano.com\/index.php?rest_route=%2Fwp%2Fv2%2Fcategories&post=290320"},{"taxonomy":"post_tag","embeddable":true,"href":"https:\/\/diariodominicano.com\/index.php?rest_route=%2Fwp%2Fv2%2Ftags&post=290320"}],"curies":[{"name":"wp","href":"https:\/\/api.w.org\/{rel}","templated":true}]}}