{"id":290314,"date":"2021-08-02T13:49:29","date_gmt":"2021-08-02T17:49:29","guid":{"rendered":"http:\/\/diariodominicano.com\/?p=290314"},"modified":"2021-08-02T13:49:29","modified_gmt":"2021-08-02T17:49:29","slug":"direccion-contabilidad-gubernamental-reduce-sus-gastos-en-33-millones-de-pesos","status":"publish","type":"post","link":"https:\/\/diariodominicano.com\/?p=290314","title":{"rendered":"Direcci\u00f3n Contabilidad Gubernamental reduce sus gastos en 33 millones de pesos"},"content":{"rendered":"\n<p>diariodominicano.com<\/p>\n\n\n\n<p>Santo Domingo, R. D.,  2 de agosto, 2021.-  La Direcci\u00f3n General de Contabilidad Gubernamental (Digecog) redujo en aproximadamente 33 millones de pesos la ejecuci\u00f3n presupuestaria durante el actual per\u00edodo presidencial, en cumplimiento de la pol\u00edtica de austeridad establecida por el presidente Luis Rodolfo Abinader Corona, a los fines de dar prioridad a las necesidades perentorias del pueblo dominicano.<\/p>\n\n\n\n<p>El licenciado F\u00e9lix Santana Garc\u00eda, director general de Digecog, manifest\u00f3 que esa disminuci\u00f3n en el gasto es el resultado del manejo adecuado de los recursos financieros asignados a la instituci\u00f3n, as\u00ed como tambi\u00e9n a efectos adversos derivados de la pandemia del Covid-19.<\/p>\n\n\n\n<p>El funcionario explic\u00f3 que, en cuanto al manejo prudente de los recursos, se eliminaron y redujeron ciertos requerimientos y actividades que se realizaban con regularidad, sobre todo aquellos recreativos.<\/p>\n\n\n\n<p>Destac\u00f3 que no hubo variaci\u00f3n en los gastos por concepto de n\u00f3mina del personal.<\/p>\n\n\n\n<p>Explic\u00f3 que dentro de los rubros cuyos gastos que m\u00e1s se redujeron est\u00e1n los materiales gastables, por un monto de 18 millones de pesos; la adquisici\u00f3n de mobiliarios y equipos, por siete millones de pesos y el consumo de combustible, por 2 millones 600 mil pesos.<\/p>\n\n\n\n<p>El director general de Digecog se\u00f1al\u00f3 que en el an\u00e1lisis comparativo de la ejecuci\u00f3n del gasto de ese organismo para los periodos septiembre-junio del 2019-2020 fue de 363 millones 44 mil 825 pesos con 5 centavos.<\/p>\n\n\n\n<p>El licenciado Santana Garc\u00eda indic\u00f3 que en el per\u00edodo septiembre-junio 2020-2021 la ejecuci\u00f3n presupuestaria baj\u00f3 a 330 millones 991 mil 316 pesos con 96 centavos.<\/p>\n\n\n\n<p>La Direcci\u00f3n General de Contabilidad Gubernamental es una instituci\u00f3n dependiente del Ministerio de Hacienda, creada mediante la Ley 126-01, que la faculta para ser el \u00f3rgano rector del sistema de contabilidad gubernamental responsable de emitir las normas, pol\u00edticas y procedimientos t\u00e9cnicos que permiten procesar adecuadamente los estados financieros de las instituciones del Estado, para eventualmente evaluar y exponer los hechos econ\u00f3micos y financieros de cara a la acertada toma de decisiones y transparente rendici\u00f3n de cuenta.<\/p>\n\n\n\n<p>Fuente: Departamento de Comunicaci\u00f3n<\/p>\n\n\n\n<p>2 de agosto de 2021.<\/p>\n","protected":false},"excerpt":{"rendered":"<p>diariodominicano.com Santo Domingo, R. D., 2 de agosto, 2021.- La Direcci\u00f3n General de Contabilidad Gubernamental (Digecog) redujo en aproximadamente 33 millones de pesos la ejecuci\u00f3n presupuestaria durante el actual per\u00edodo presidencial, en cumplimiento de la pol\u00edtica de austeridad establecida por el presidente Luis Rodolfo Abinader Corona, a los fines de dar prioridad a las necesidades [&hellip;]<\/p>\n","protected":false},"author":5,"featured_media":290315,"comment_status":"closed","ping_status":"","sticky":true,"template":"","format":"standard","meta":{"footnotes":""},"categories":[18,27],"tags":[],"class_list":["post-290314","post","type-post","status-publish","format-standard","has-post-thumbnail","hentry","category-economia","category-portada"],"_links":{"self":[{"href":"https:\/\/diariodominicano.com\/index.php?rest_route=\/wp\/v2\/posts\/290314","targetHints":{"allow":["GET"]}}],"collection":[{"href":"https:\/\/diariodominicano.com\/index.php?rest_route=\/wp\/v2\/posts"}],"about":[{"href":"https:\/\/diariodominicano.com\/index.php?rest_route=\/wp\/v2\/types\/post"}],"author":[{"embeddable":true,"href":"https:\/\/diariodominicano.com\/index.php?rest_route=\/wp\/v2\/users\/5"}],"replies":[{"embeddable":true,"href":"https:\/\/diariodominicano.com\/index.php?rest_route=%2Fwp%2Fv2%2Fcomments&post=290314"}],"version-history":[{"count":1,"href":"https:\/\/diariodominicano.com\/index.php?rest_route=\/wp\/v2\/posts\/290314\/revisions"}],"predecessor-version":[{"id":290316,"href":"https:\/\/diariodominicano.com\/index.php?rest_route=\/wp\/v2\/posts\/290314\/revisions\/290316"}],"wp:featuredmedia":[{"embeddable":true,"href":"https:\/\/diariodominicano.com\/index.php?rest_route=\/wp\/v2\/media\/290315"}],"wp:attachment":[{"href":"https:\/\/diariodominicano.com\/index.php?rest_route=%2Fwp%2Fv2%2Fmedia&parent=290314"}],"wp:term":[{"taxonomy":"category","embeddable":true,"href":"https:\/\/diariodominicano.com\/index.php?rest_route=%2Fwp%2Fv2%2Fcategories&post=290314"},{"taxonomy":"post_tag","embeddable":true,"href":"https:\/\/diariodominicano.com\/index.php?rest_route=%2Fwp%2Fv2%2Ftags&post=290314"}],"curies":[{"name":"wp","href":"https:\/\/api.w.org\/{rel}","templated":true}]}}