{"id":290307,"date":"2021-08-02T13:05:38","date_gmt":"2021-08-02T17:05:38","guid":{"rendered":"http:\/\/diariodominicano.com\/?p=290307"},"modified":"2021-08-02T13:05:38","modified_gmt":"2021-08-02T17:05:38","slug":"especialistas-analizaran-niveles-de-violencia-en-rd-durante-diplomado-internacional","status":"publish","type":"post","link":"https:\/\/diariodominicano.com\/?p=290307","title":{"rendered":"Especialistas analizar\u00e1n niveles de violencia en RD durante diplomado internacional"},"content":{"rendered":"\n<p>diariodominicano.com<\/p>\n\n\n\n<p>Santo Domingo, R. D., 2 de agosto, 2021.-  Especialistas de 14 pa\u00edses buscar\u00e1n alternativas de soluci\u00f3n a los altos niveles de violencia que sacuden el territorio nacional durante diplomado internacional \u201cCuidado Cari\u00f1oso y Sensible desde la Gestaci\u00f3n\u201d, dirigido a educadores y otros profesionales relacionados con el cuidado de ni\u00f1os y adolescentes.\u00a0<\/p>\n\n\n\n<p>Esa iniciativa, organizada por el Instituto Nacional de Educaci\u00f3n Inicial (INEDI), iniciar\u00e1 el 9 de este mes y abordar\u00e1 el problema desde diversos \u00e1ngulos de la ciencia, incluyendo la neurociencia, el lenguaje y la comunicaci\u00f3n.&nbsp;<\/p>\n\n\n\n<p>Estar\u00e1 a cargo de expertos de Estados Unidos, Canad\u00e1, Argentina, Brasil., Finlandia, Colombia, Ecuador, Cuba, El Salvador Espa\u00f1a, M\u00e9xico, Puerto Rico, Bolivia y Rep\u00fablica Dominicana.&nbsp;&nbsp;<\/p>\n\n\n\n<p>Rosa Arisa de Valaera, directora del INEDI, asegur\u00f3 que han confirmado su participaci\u00f3n en esa jornada educativa t\u00e9cnicos del Ministerio de Educaci\u00f3n (MINERD), la Comisi\u00f3n de la Infancia de la C\u00e1mara de Diputados y la Uni\u00f3n de Instituciones Educativas Privadas (UDIEP).&nbsp;<\/p>\n\n\n\n<p>La educadora dijo que tambi\u00e9n fueron convocados para participar el Consejo Nacional para la Ni\u00f1ez y la Infancia (CONANI), el Instituto Nacional de Atenci\u00f3n Integral a la Primera Infancia (INAIPI), el Gabinete de Ni\u00f1ez y Adolescencia, el Ministerio de Salud, la Polic\u00eda Nacional y otras instituciones.&nbsp;<\/p>\n\n\n\n<p>Otras instituciones convocadas son el Centro de Operaciones de Emergencia (COE), los hospitales Robert Reid Cabral, San Lorenzo de Los Mina, Santo Socorro y el&nbsp;Instituto Nacional de Tr\u00e1nsito y Transporte Terrestre.&nbsp;<\/p>\n\n\n\n<p>&nbsp;El diplomado, que ser\u00e1 virtual y gratuito, se extender\u00e1 hasta el 10 de noviembre de este a\u00f1o.&nbsp;<\/p>\n\n\n\n<p>Ser\u00e1 impartido los d\u00edas mi\u00e9rcoles y lunes, de 2:00 a 3:30 de la tarde.\u00a0<\/p>\n\n\n\n<p>Fuente:  <strong>Pilar Moreno<\/strong><\/p>\n","protected":false},"excerpt":{"rendered":"<p>diariodominicano.com Santo Domingo, R. D., 2 de agosto, 2021.- Especialistas de 14 pa\u00edses buscar\u00e1n alternativas de soluci\u00f3n a los altos niveles de violencia que sacuden el territorio nacional durante diplomado internacional \u201cCuidado Cari\u00f1oso y Sensible desde la Gestaci\u00f3n\u201d, dirigido a educadores y otros profesionales relacionados con el cuidado de ni\u00f1os y adolescentes.\u00a0 Esa iniciativa, organizada [&hellip;]<\/p>\n","protected":false},"author":5,"featured_media":290308,"comment_status":"closed","ping_status":"","sticky":true,"template":"","format":"standard","meta":{"footnotes":""},"categories":[21,27],"tags":[],"class_list":["post-290307","post","type-post","status-publish","format-standard","has-post-thumbnail","hentry","category-cultura","category-portada"],"_links":{"self":[{"href":"https:\/\/diariodominicano.com\/index.php?rest_route=\/wp\/v2\/posts\/290307","targetHints":{"allow":["GET"]}}],"collection":[{"href":"https:\/\/diariodominicano.com\/index.php?rest_route=\/wp\/v2\/posts"}],"about":[{"href":"https:\/\/diariodominicano.com\/index.php?rest_route=\/wp\/v2\/types\/post"}],"author":[{"embeddable":true,"href":"https:\/\/diariodominicano.com\/index.php?rest_route=\/wp\/v2\/users\/5"}],"replies":[{"embeddable":true,"href":"https:\/\/diariodominicano.com\/index.php?rest_route=%2Fwp%2Fv2%2Fcomments&post=290307"}],"version-history":[{"count":1,"href":"https:\/\/diariodominicano.com\/index.php?rest_route=\/wp\/v2\/posts\/290307\/revisions"}],"predecessor-version":[{"id":290309,"href":"https:\/\/diariodominicano.com\/index.php?rest_route=\/wp\/v2\/posts\/290307\/revisions\/290309"}],"wp:featuredmedia":[{"embeddable":true,"href":"https:\/\/diariodominicano.com\/index.php?rest_route=\/wp\/v2\/media\/290308"}],"wp:attachment":[{"href":"https:\/\/diariodominicano.com\/index.php?rest_route=%2Fwp%2Fv2%2Fmedia&parent=290307"}],"wp:term":[{"taxonomy":"category","embeddable":true,"href":"https:\/\/diariodominicano.com\/index.php?rest_route=%2Fwp%2Fv2%2Fcategories&post=290307"},{"taxonomy":"post_tag","embeddable":true,"href":"https:\/\/diariodominicano.com\/index.php?rest_route=%2Fwp%2Fv2%2Ftags&post=290307"}],"curies":[{"name":"wp","href":"https:\/\/api.w.org\/{rel}","templated":true}]}}