{"id":290298,"date":"2021-08-02T11:18:37","date_gmt":"2021-08-02T15:18:37","guid":{"rendered":"http:\/\/diariodominicano.com\/?p=290298"},"modified":"2021-08-02T11:18:37","modified_gmt":"2021-08-02T15:18:37","slug":"ccesd-invita-a-participar-en-el-seminario-internacional-contar-la-cultura-periodismo-cultural-en-tiempos-de-storytelling","status":"publish","type":"post","link":"https:\/\/diariodominicano.com\/?p=290298","title":{"rendered":"CCESD invita a participar en el seminario internacional \u201cContar la cultura. Periodismo cultural en tiempos de storytelling\u201d"},"content":{"rendered":"\n<p>diariodominicano.com<\/p>\n\n\n\n<p>Esta actividad forma parte del programa ACERCA<em>que lleva acabo la Agencia Espa\u00f1ola de Cooperaci\u00f3n Internacional&nbsp;<\/em><em>para e<\/em><em>l Desarrollo (AECID)<\/em><em><\/em><\/p>\n\n\n\n<p>Santo Domingo, R. D.,  2 de agosto, 2021.-  El Centro Cultural de Espa\u00f1a Santo Domingo realizar\u00e1, del 23 al 27 de agosto, el Seminario Internacional \u201cContar la Cultura. Periodismo cultural en tiempos del storytelling\u201d, dirigido a periodistas, creadores de contenido para redes sociales y divulgadores de la cultura.<\/p>\n\n\n\n<p>Esta actividad,&nbsp;que financia la Agencia Espa\u00f1ola de Cooperaci\u00f3n Internacional en el marco del programa de formaci\u00f3n ACERCA,&nbsp;tiene como finalidad promover el intercambio entre periodistas&nbsp;culturales tradicionales y creadores\/as de contenido cultural para redes sociales, reflexionar sobre los retos del periodismo cultural en Rep\u00fablica Dominicana y las nuevas herramientas de difusi\u00f3n de la cultura; adem\u00e1s de la formaci\u00f3n espec\u00edfica sobre narrativa transmedia&nbsp;que puede utilizarse para narrar la cultura.<\/p>\n\n\n\n<p>El seminario ofrecer\u00e1 charlas, conferencias y conversatorios con invitados nacionales e internacionales. Los espa\u00f1oles&nbsp;Isaac Marcet, fundador de la revista Playground, y Clara Mer\u00edn, consultora experta en comunicaci\u00f3n y redes sociales para la cultura, abordar\u00e1n temas como periodismo y viralidad, curadur\u00eda de contenido cultural para redes sociales, entre otros; mientras que los panelistas nacionales Marianne de Tolentino, Camilo Venegas y creadores de contenido para redes sociales como Iv\u00e1n Mu\u00f1oz (del proyecto Viene Teor\u00eda) y Vic Abreu, del proyecto SDQ Lee, contar\u00e1n diversas experiencias de periodismo y divulgaci\u00f3n cultural en Rep\u00fablica Dominicana.<\/p>\n\n\n\n<p>En el marco de esta actividad se desarrollar\u00e1n los talleres gratuitos \u201cCuraci\u00f3n de contenido cultural para redes sociales\u201d, a cargo de la experta espa\u00f1ola Clara Mer\u00edn, y \u201cEstrategias transmedia para narrar la cultura. Storytelling y micronarrativas\u201d, a cargo del dominicano Alf \u00c1lvarez, fundador de El Snack Report. Ambos talleres est\u00e1n dirigidos tanto a periodistas culturales, como a creadores de contenido y personas que tengan proyectos de divulgaci\u00f3n cultural o que deseen iniciarlos.<\/p>\n\n\n\n<p>Este seminario, al igual que todas las actividades del CCESD, es gratuito. El programa\u00a0 se encuentra disponible para descargar a trav\u00e9s de la p\u00e1gina del CCESD (<a rel=\"noreferrer noopener\" href=\"http:\/\/www.ccesd.org\/\" target=\"_blank\">www.ccesd.org<\/a>), donde tambi\u00e9n pueden inscribirse en los talleres. Las charlas y conversatorios ser\u00e1n presenciales, y estar\u00e1n disponibles en el canal de Youtube del CCESD.<br><\/p>\n\n\n\n<p>Fuente:  <strong>Blanca Gonz\u00e1lez<\/strong><\/p>\n\n\n\n<p>Responsable de Comunicaci\u00f3n<br>Centro Cultural de Espa\u00f1a en Santo Domingo<br>Agencia Espa\u00f1ola de Cooperaci\u00f3n Internacional para el Desarrollo (AECID)<\/p>\n","protected":false},"excerpt":{"rendered":"<p>diariodominicano.com Esta actividad forma parte del programa ACERCAque lleva acabo la Agencia Espa\u00f1ola de Cooperaci\u00f3n Internacional&nbsp;para el Desarrollo (AECID) Santo Domingo, R. D., 2 de agosto, 2021.- El Centro Cultural de Espa\u00f1a Santo Domingo realizar\u00e1, del 23 al 27 de agosto, el Seminario Internacional \u201cContar la Cultura. Periodismo cultural en tiempos del storytelling\u201d, dirigido a [&hellip;]<\/p>\n","protected":false},"author":5,"featured_media":290299,"comment_status":"closed","ping_status":"","sticky":true,"template":"","format":"standard","meta":{"footnotes":""},"categories":[21,27],"tags":[],"class_list":["post-290298","post","type-post","status-publish","format-standard","has-post-thumbnail","hentry","category-cultura","category-portada"],"_links":{"self":[{"href":"https:\/\/diariodominicano.com\/index.php?rest_route=\/wp\/v2\/posts\/290298","targetHints":{"allow":["GET"]}}],"collection":[{"href":"https:\/\/diariodominicano.com\/index.php?rest_route=\/wp\/v2\/posts"}],"about":[{"href":"https:\/\/diariodominicano.com\/index.php?rest_route=\/wp\/v2\/types\/post"}],"author":[{"embeddable":true,"href":"https:\/\/diariodominicano.com\/index.php?rest_route=\/wp\/v2\/users\/5"}],"replies":[{"embeddable":true,"href":"https:\/\/diariodominicano.com\/index.php?rest_route=%2Fwp%2Fv2%2Fcomments&post=290298"}],"version-history":[{"count":1,"href":"https:\/\/diariodominicano.com\/index.php?rest_route=\/wp\/v2\/posts\/290298\/revisions"}],"predecessor-version":[{"id":290300,"href":"https:\/\/diariodominicano.com\/index.php?rest_route=\/wp\/v2\/posts\/290298\/revisions\/290300"}],"wp:featuredmedia":[{"embeddable":true,"href":"https:\/\/diariodominicano.com\/index.php?rest_route=\/wp\/v2\/media\/290299"}],"wp:attachment":[{"href":"https:\/\/diariodominicano.com\/index.php?rest_route=%2Fwp%2Fv2%2Fmedia&parent=290298"}],"wp:term":[{"taxonomy":"category","embeddable":true,"href":"https:\/\/diariodominicano.com\/index.php?rest_route=%2Fwp%2Fv2%2Fcategories&post=290298"},{"taxonomy":"post_tag","embeddable":true,"href":"https:\/\/diariodominicano.com\/index.php?rest_route=%2Fwp%2Fv2%2Ftags&post=290298"}],"curies":[{"name":"wp","href":"https:\/\/api.w.org\/{rel}","templated":true}]}}