{"id":290278,"date":"2021-08-02T08:21:06","date_gmt":"2021-08-02T12:21:06","guid":{"rendered":"http:\/\/diariodominicano.com\/?p=290278"},"modified":"2021-08-02T08:21:06","modified_gmt":"2021-08-02T12:21:06","slug":"la-nacion-muestra-sensibilidad","status":"publish","type":"post","link":"https:\/\/diariodominicano.com\/?p=290278","title":{"rendered":"\u00a1La Naci\u00f3n muestra sensibilidad!"},"content":{"rendered":"\n<p>Por Franklin Almeyda Rancier<\/p>\n\n\n\n<p>Santo Domingo, R.D., 2 de agosto, 2021.-  Los seres humanos en general somos sensibles a la p\u00e9rdida de un ser querido; duele en el alma, que es la parte intangible de nuestro cuerpo. Es el dolor m\u00e1s conmovedor.<\/p>\n\n\n\n<p>Cuando se trata de progenitores u otros&nbsp; familiares, la pena agobia a sus integrantes y amigos; pero si se trata&nbsp; de alguien que ha dado aportes importantes, la conmoci\u00f3n trasciende a toda la poblaci\u00f3n. Los ejemplos&nbsp; cercanos que el pa\u00eds ha tenido, son las partidas de do\u00f1a Yolanda, madre consagrada del Dr. Leonel Fernandez y la de Johnny Ventura.<\/p>\n\n\n\n<p>El pa\u00eds mostr\u00f3, en cada momento, admiraci\u00f3n y respeto. Las honras funebre de do\u00f1a Yolanda habl\u00f3 de qu\u00e9 tanto agradece&nbsp; la poblaci\u00f3n del comportamiento ejemplar de una madre y la reciprocidad de un hijo,&nbsp; que&nbsp; trasciende hist\u00f3ricamente. A su vez, en Johnny Ventura se reconoce sus d\u00e9cadas de dedicaci\u00f3n a la m\u00fasica, en especial al merengue; \u00e9l contribuy\u00f3 a crear una identidad nacional.<\/p>\n\n\n\n<p>La reacci\u00f3n del pa\u00eds, expresando su dolor en el alma, es altamente significativa, porque revela que se est\u00e1 avanzando en la&nbsp; consolidacion de la Naci\u00f3n.<\/p>\n\n\n\n<p>\u00bfPor qu\u00e9 consolida la Naci\u00f3n? Porque para que una poblaci\u00f3n llegue a ser una Rep\u00fablica independiente y soberana, debe pasar por un proceso social e hist\u00f3rico; desde iniciarse como naci\u00f3n,&nbsp; luego desarrollarse y crear sus propios valores e identidades. Pero empieza siendo una poblaci\u00f3n asentada en un territorio, con sus medios de alimentaci\u00f3n y vida, lenguaje, religi\u00f3n, tradici\u00f3n y, como la suma&nbsp; de todo. la creaci\u00f3n de cohesi\u00f3n y arraigo.<\/p>\n\n\n\n<p>Toda rep\u00fablica empieza siendo una Naci\u00f3n, para lo cual necesita de muchos a\u00f1os, m\u00e1s bien siglos. La Naci\u00f3n se forma como tal, cuando logra cohesi\u00f3n social y arraigo: es decir, su orgullo, apropiaci\u00f3n territorial e identidad. Llegado a ese punto, para convertirse en un Estado soberano e independiente, debe proclamarse como tal y organizar jur\u00eddicamente ese Estado.<\/p>\n\n\n\n<p>Como puede apreciarse, el paso de Nacion&nbsp; a Estado requiere de que ese conglomerado humano construya su cohesi\u00f3n social, arraigo e identidad<\/p>\n\n\n\n<p>y apruebe una constituci\u00f3n, la cual define a ese Estado,sus instituciones, su forma de gobierno, los derechos y deberes de gobernados y gobernantes; sobre el comportamiento de todos, crea arbitraje,&nbsp; soluci\u00f3n de conflictos y por violaciones de derechos, crea \u00f3rganos judiciales. En esa constituci\u00f3n se establecen los l\u00edmites de los gobernantes y, l\u00f3gicamente de los gobernados.<\/p>\n\n\n\n<p>A finales del Siglo XVIII las naciones del continente iniciaron la proclamaci\u00f3n de sus respectivos Estado-Naci\u00f3n; las primeras fueron las Trece colonias inglesas ( EE-UU) en 1776 y le sigui\u00f3 la colonia de Saint-Domingue en el 1804, que dio lugar a la independencia de Hait\u00ed. A partir de esas dos, se decencaden\u00f3 en todo ese Siglo XIX un chorro de sucesivas independencias proclamando Estado-Nacion en casi su totalidad.<\/p>\n\n\n\n<p>\u201cLos criollos\u201d encabezaron esas luchas, no as\u00ed en Hait\u00ed. \u201cLos criollos\u201d eran los descendientes de los colonizadores europeos. Se crearon arraigos y cohesi\u00f3n social. En Hait\u00ed fueron los esclavos, pero su inter\u00e9s era la abolici\u00f3n de la esclavitud, pero a Napole\u00f3n y Francia como metropoli, prefirieron favorecer mejor a los due\u00f1os de ingenios y plantaciones.<\/p>\n\n\n\n<p>Los Estados-Nacionales de mayor identidad, han logrado m\u00e1s desarrollo. La Trinitaria y la Guerra Restauradora fueron nuestro inicio. Do\u00f1a Yolanda y Johnny parten, con ellos el pueblo muestra arraigo, cohesi\u00f3n&nbsp; y sensibilidad.<\/p>\n","protected":false},"excerpt":{"rendered":"<p>Por Franklin Almeyda Rancier Santo Domingo, R.D., 2 de agosto, 2021.- Los seres humanos en general somos sensibles a la p\u00e9rdida de un ser querido; duele en el alma, que es la parte intangible de nuestro cuerpo. Es el dolor m\u00e1s conmovedor. Cuando se trata de progenitores u otros&nbsp; familiares, la pena agobia a sus [&hellip;]<\/p>\n","protected":false},"author":5,"featured_media":272337,"comment_status":"closed","ping_status":"","sticky":true,"template":"","format":"standard","meta":{"footnotes":""},"categories":[19,27],"tags":[],"class_list":["post-290278","post","type-post","status-publish","format-standard","has-post-thumbnail","hentry","category-mi-voz","category-portada"],"_links":{"self":[{"href":"https:\/\/diariodominicano.com\/index.php?rest_route=\/wp\/v2\/posts\/290278","targetHints":{"allow":["GET"]}}],"collection":[{"href":"https:\/\/diariodominicano.com\/index.php?rest_route=\/wp\/v2\/posts"}],"about":[{"href":"https:\/\/diariodominicano.com\/index.php?rest_route=\/wp\/v2\/types\/post"}],"author":[{"embeddable":true,"href":"https:\/\/diariodominicano.com\/index.php?rest_route=\/wp\/v2\/users\/5"}],"replies":[{"embeddable":true,"href":"https:\/\/diariodominicano.com\/index.php?rest_route=%2Fwp%2Fv2%2Fcomments&post=290278"}],"version-history":[{"count":1,"href":"https:\/\/diariodominicano.com\/index.php?rest_route=\/wp\/v2\/posts\/290278\/revisions"}],"predecessor-version":[{"id":290279,"href":"https:\/\/diariodominicano.com\/index.php?rest_route=\/wp\/v2\/posts\/290278\/revisions\/290279"}],"wp:featuredmedia":[{"embeddable":true,"href":"https:\/\/diariodominicano.com\/index.php?rest_route=\/wp\/v2\/media\/272337"}],"wp:attachment":[{"href":"https:\/\/diariodominicano.com\/index.php?rest_route=%2Fwp%2Fv2%2Fmedia&parent=290278"}],"wp:term":[{"taxonomy":"category","embeddable":true,"href":"https:\/\/diariodominicano.com\/index.php?rest_route=%2Fwp%2Fv2%2Fcategories&post=290278"},{"taxonomy":"post_tag","embeddable":true,"href":"https:\/\/diariodominicano.com\/index.php?rest_route=%2Fwp%2Fv2%2Ftags&post=290278"}],"curies":[{"name":"wp","href":"https:\/\/api.w.org\/{rel}","templated":true}]}}