{"id":290253,"date":"2021-08-02T03:06:04","date_gmt":"2021-08-02T07:06:04","guid":{"rendered":"http:\/\/diariodominicano.com\/?p=290253"},"modified":"2021-08-02T03:06:04","modified_gmt":"2021-08-02T07:06:04","slug":"musica-johnny-ventura-se-escucha-incesantemente-en-el-alto-manhattan","status":"publish","type":"post","link":"https:\/\/diariodominicano.com\/?p=290253","title":{"rendered":"M\u00fasica Johnny Ventura se escucha incesantemente en el Alto Manhattan"},"content":{"rendered":"\n<p><strong>Por Ram\u00f3n Mercedes<\/strong><\/p>\n\n\n\n<p><strong>NUEVA YORK.-<\/strong>&nbsp;El pasado viernes se inici\u00f3 el homenaje p\u00f3stumo en esta ciudad a la gloria del arte nacional, Johnny Ventura, fallecido el pasado mi\u00e9rcoles en dominicana.<\/p>\n\n\n\n<p>Sus interpretaciones musicales se escuchan incesantemente a todas horas del d\u00eda y noche en las diferentes v\u00edas, cuadras, esquinas, en juego de domino, interior de restaurantes y taxis, entre otros sitios del Alto Manhattan, lugar en el exterior donde se concentra la mayor cantidad de dominicanos.<\/p>\n\n\n\n<p>El viernes en la tarde se concentraron cientos de quisqueyanos en la Plaza Las Am\u00e9ricas, pr\u00f3ximo al Teatro United Palace, ubicado en Broadway con la calle 175, para honrar su memoria.<\/p>\n\n\n\n<p>All\u00ed se bail\u00f3, cantaron los merengues del \u201cCaballo\u201d, exhibieron cientos de banderas dominicanas, habl\u00f3 el congresista Adriano Espaillat, el c\u00f3nsul Eligio J\u00e1quez, y el artista Jos\u00e9 Alberto (El Canario), entre otros tantos connacionales.<\/p>\n\n\n\n<p>Espaillat expres\u00f3: \u201cJohnny no solo les pertenece a los dominicanos sino al mundo entero. Ayer, tom\u00e9 el piso del Congreso para que su nombre quede en las minutas del mismo de por vida y se diga qui\u00e9n fue el Caballo Mayor\u201d.<\/p>\n\n\n\n<p>El c\u00f3nsul dijo: \u201cEstoy en esta vigilia para rendir tributo como lo merece un ciudadano ejemplar que no solamente fue m\u00fasico, tan m\u00fasico y tan artista como el mejor, tambi\u00e9n fue un ciudadano pol\u00edtico, diputado que, a pesar de ser artista muy popular, nunca falt\u00f3 a sus compromisos cuando ambos fueron diputados entre 1982 a 1986\u201d.<\/p>\n\n\n\n<p>El Canario, uno de los salseros y sonero dominicano m\u00e1s populares de la RD, relat\u00f3: \u201cCuando grab\u00e9 mi primer disco, Ventura lo motiv\u00f3 a seguir adelante y a partir de ah\u00ed, mantuvieron una relaci\u00f3n por d\u00e9cadas. Fue uno de los grandes inspiradores en mi carrera\u201d, precis\u00f3.<\/p>\n\n\n\n<p>Despu\u00e9s del acto, la m\u00fasica del \u201cCaballo\u201d es escuchada e interpretada por doquier 24\/7 entre hombres, mujeres, j\u00f3venes y ni\u00f1os los vecindarios de Washington Heights e Inwood.<\/p>\n","protected":false},"excerpt":{"rendered":"<p>Por Ram\u00f3n Mercedes NUEVA YORK.-&nbsp;El pasado viernes se inici\u00f3 el homenaje p\u00f3stumo en esta ciudad a la gloria del arte nacional, Johnny Ventura, fallecido el pasado mi\u00e9rcoles en dominicana. Sus interpretaciones musicales se escuchan incesantemente a todas horas del d\u00eda y noche en las diferentes v\u00edas, cuadras, esquinas, en juego de domino, interior de restaurantes [&hellip;]<\/p>\n","protected":false},"author":7,"featured_media":290268,"comment_status":"closed","ping_status":"","sticky":true,"template":"","format":"standard","meta":{"footnotes":""},"categories":[23,27],"tags":[],"class_list":["post-290253","post","type-post","status-publish","format-standard","has-post-thumbnail","hentry","category-internacional","category-portada"],"_links":{"self":[{"href":"https:\/\/diariodominicano.com\/index.php?rest_route=\/wp\/v2\/posts\/290253","targetHints":{"allow":["GET"]}}],"collection":[{"href":"https:\/\/diariodominicano.com\/index.php?rest_route=\/wp\/v2\/posts"}],"about":[{"href":"https:\/\/diariodominicano.com\/index.php?rest_route=\/wp\/v2\/types\/post"}],"author":[{"embeddable":true,"href":"https:\/\/diariodominicano.com\/index.php?rest_route=\/wp\/v2\/users\/7"}],"replies":[{"embeddable":true,"href":"https:\/\/diariodominicano.com\/index.php?rest_route=%2Fwp%2Fv2%2Fcomments&post=290253"}],"version-history":[{"count":1,"href":"https:\/\/diariodominicano.com\/index.php?rest_route=\/wp\/v2\/posts\/290253\/revisions"}],"predecessor-version":[{"id":290271,"href":"https:\/\/diariodominicano.com\/index.php?rest_route=\/wp\/v2\/posts\/290253\/revisions\/290271"}],"wp:featuredmedia":[{"embeddable":true,"href":"https:\/\/diariodominicano.com\/index.php?rest_route=\/wp\/v2\/media\/290268"}],"wp:attachment":[{"href":"https:\/\/diariodominicano.com\/index.php?rest_route=%2Fwp%2Fv2%2Fmedia&parent=290253"}],"wp:term":[{"taxonomy":"category","embeddable":true,"href":"https:\/\/diariodominicano.com\/index.php?rest_route=%2Fwp%2Fv2%2Fcategories&post=290253"},{"taxonomy":"post_tag","embeddable":true,"href":"https:\/\/diariodominicano.com\/index.php?rest_route=%2Fwp%2Fv2%2Ftags&post=290253"}],"curies":[{"name":"wp","href":"https:\/\/api.w.org\/{rel}","templated":true}]}}