{"id":290235,"date":"2021-08-02T03:12:23","date_gmt":"2021-08-02T07:12:23","guid":{"rendered":"http:\/\/diariodominicano.com\/?p=290235"},"modified":"2021-08-02T03:12:23","modified_gmt":"2021-08-02T07:12:23","slug":"el-periodista-frente-al-poder","status":"publish","type":"post","link":"https:\/\/diariodominicano.com\/?p=290235","title":{"rendered":"El periodista frente al poder"},"content":{"rendered":"\n<p>Por David R. Lorenzo<\/p>\n\n\n\n<p>El periodista tiene dos funciones importantes, una individual y otra social, y en cualquier de las dos, si quiere hacer un ejercicio independiente,&nbsp; honesto, en&nbsp; defensa de la democracia, de los m\u00e1s d\u00e9biles y enfrentar los demonios de la sociedad, no debe estar al lado o detr\u00e1s del poder, sino de frente.<\/p>\n\n\n\n<p>El periodista no puede estar cercano del poder que \u00e9ste&nbsp; le clavar\u00e1 su aguij\u00f3n. Podr\u00e1 conseguir contratos millonarios, mansiones, yates, cuentas bancarias y otras cosas, pero no tendr\u00e1 dignidad y ser\u00e1 un muerto en vida y una verg\u00fcenza social.<\/p>\n\n\n\n<p>Por el contrario, si decide estar de frente al poder, &nbsp;no deber\u00e1s &nbsp;sentir miedo ni temerle a nadie, sino todo lo contrario, es a \u00e9l a quien hay que temer, porque nadie puede ser m\u00e1s temido, que aquel que tenga una libreta y un l\u00e1piz y los sepa utilizar. Esta&nbsp; verdad cualquier periodista debe atarla a tu cuello y escribirla en la tabla de su coraz\u00f3n.<\/p>\n\n\n\n<p>Si lo decide as\u00ed, es probable que transite por el camino de la precariedad econ\u00f3mica,&nbsp; pero recorrer\u00e1 &nbsp;el de la grandeza moral, \u00fanico bien que se puede llevar a su tumba y ser heredado por perpetuidad.<\/p>\n\n\n\n<p>Ese profesional, a\u00fan sea asalariado y tenga que &nbsp;cubrir las incidencias cotidianas y rutinarias, es decir, el periodismo del d\u00eda al d\u00eda, el que se hace sin muchos esfuerzos, el rosa y el que practica casi todo el mundo, debe salirse por su cuenta de ese patr\u00f3n, tomar iniciativas y mirar m\u00e1s all\u00e1 de esas noticias.<\/p>\n\n\n\n<p>Cubrir una fuente noticiosa y esperar todos los d\u00edas que el encargado de prensa le suministre las notas, eso es el periodismo de perder el tiempo.<\/p>\n\n\n\n<p>Peor a\u00fan, elogiar y vociferar a cualquiera que tenga una cuota de poder como: \u00a1Ese si es bueno! \u00a1Ese resuelve! entre otras expresiones similares,&nbsp; es&nbsp; estar arrodillado en el \u00faltimo grado de la humillaci\u00f3n.<\/p>\n\n\n\n<p>Durante su ejerci\u00f3 profesional el periodista&nbsp; nunca deber\u00e1 pedir o recibir&nbsp; ayudas o beneficios&nbsp; de cualquier tipo, regalos, cobrar sin trabajar, beneficiar a parientes o allegados o entrar en contubernios con los poderosos, porque constituye un delito agravado.<\/p>\n\n\n\n<p>Deber\u00e1 procurar ser lo m\u00e1s objetivo, sin utilizar adjetivos para describir situaciones, porque oscurecen la narrativa y traicionan el subconsciente, ya que dejan entrever las concepciones ideol\u00f3gicas.<\/p>\n\n\n\n<p>Nunca los periodistas pueden perder su tiempo frente a los gobernantes para elogiarlos, porque la mayor\u00eda se marea con facilidad. Es menos vergonzoso quedarse callado. En ese ejercicio \u00e9tico, un periodista no puede ser ni amigo ni enemigo&nbsp; de presidentes, jefes militares o policiales, l\u00edderes religiosos o empresariales, sino simplemente lo que es.<\/p>\n\n\n\n<p>Pero, en ese rol, tampoco puede creerse que es un pont\u00edfice que lo sabe todo y que es infalible, por muy hacedor de opini\u00f3n que sea, &nbsp;porque cualquiera, por m\u00e1s idiota que sea, si est\u00e1 frente a un micr\u00f3fono puede resolver todos los problemas del mundo y hasta descifrar los enigmas del universo.<\/p>\n\n\n\n<p>En definitiva,&nbsp; un buen periodista debe enfrentar el poder, no tenerle miedo, hacer preguntas inc\u00f3modas y molestosas, cuestionar y procurar que se rindan cuentas y que le teman, porque por el contrario, &nbsp;lo otro es&nbsp; rendirse, claudicar, dejarse aguijonear y hasta ser una verg\u00fcenza social.<\/p>\n\n\n\n<p>Nota:&nbsp; El autor es periodista y abogado de la Rep\u00fablica Dominicana.<\/p>\n\n\n\n<p><\/p>\n","protected":false},"excerpt":{"rendered":"<p>Por David R. Lorenzo El periodista tiene dos funciones importantes, una individual y otra social, y en cualquier de las dos, si quiere hacer un ejercicio independiente,&nbsp; honesto, en&nbsp; defensa de la democracia, de los m\u00e1s d\u00e9biles y enfrentar los demonios de la sociedad, no debe estar al lado o detr\u00e1s del poder, sino de [&hellip;]<\/p>\n","protected":false},"author":7,"featured_media":290265,"comment_status":"closed","ping_status":"","sticky":true,"template":"","format":"standard","meta":{"footnotes":""},"categories":[19,27],"tags":[],"class_list":["post-290235","post","type-post","status-publish","format-standard","has-post-thumbnail","hentry","category-mi-voz","category-portada"],"_links":{"self":[{"href":"https:\/\/diariodominicano.com\/index.php?rest_route=\/wp\/v2\/posts\/290235","targetHints":{"allow":["GET"]}}],"collection":[{"href":"https:\/\/diariodominicano.com\/index.php?rest_route=\/wp\/v2\/posts"}],"about":[{"href":"https:\/\/diariodominicano.com\/index.php?rest_route=\/wp\/v2\/types\/post"}],"author":[{"embeddable":true,"href":"https:\/\/diariodominicano.com\/index.php?rest_route=\/wp\/v2\/users\/7"}],"replies":[{"embeddable":true,"href":"https:\/\/diariodominicano.com\/index.php?rest_route=%2Fwp%2Fv2%2Fcomments&post=290235"}],"version-history":[{"count":1,"href":"https:\/\/diariodominicano.com\/index.php?rest_route=\/wp\/v2\/posts\/290235\/revisions"}],"predecessor-version":[{"id":290277,"href":"https:\/\/diariodominicano.com\/index.php?rest_route=\/wp\/v2\/posts\/290235\/revisions\/290277"}],"wp:featuredmedia":[{"embeddable":true,"href":"https:\/\/diariodominicano.com\/index.php?rest_route=\/wp\/v2\/media\/290265"}],"wp:attachment":[{"href":"https:\/\/diariodominicano.com\/index.php?rest_route=%2Fwp%2Fv2%2Fmedia&parent=290235"}],"wp:term":[{"taxonomy":"category","embeddable":true,"href":"https:\/\/diariodominicano.com\/index.php?rest_route=%2Fwp%2Fv2%2Fcategories&post=290235"},{"taxonomy":"post_tag","embeddable":true,"href":"https:\/\/diariodominicano.com\/index.php?rest_route=%2Fwp%2Fv2%2Ftags&post=290235"}],"curies":[{"name":"wp","href":"https:\/\/api.w.org\/{rel}","templated":true}]}}