{"id":290233,"date":"2021-08-02T03:09:14","date_gmt":"2021-08-02T07:09:14","guid":{"rendered":"http:\/\/diariodominicano.com\/?p=290233"},"modified":"2021-08-02T03:09:14","modified_gmt":"2021-08-02T07:09:14","slug":"diputado-crespo-critica-entrega-licencia-de-conducir-a-motoristas-sin-tomar-examen-ni-constancia-de-antecedentes-penales","status":"publish","type":"post","link":"https:\/\/diariodominicano.com\/?p=290233","title":{"rendered":"Diputado Crespo critica entrega licencia de conducir a motoristas sin tomar examen ni constancia de antecedentes penales"},"content":{"rendered":"\n<p><strong>SANTO DOMINGO.-&nbsp;<\/strong>El diputado del Partido Fuerza del Pueblo, Rafael Tob\u00edas Crespo, lament\u00f3 este domingo que las autoridades entregar licencias de conducir a los motoristas, sin previamente \u00e9stos aprobar los ex\u00e1menes te\u00f3rico-pr\u00e1ctico de lugar ni&nbsp;les exijan la certificaci\u00f3n de antecedentes penales.<\/p>\n\n\n\n<p>Crespo, se\u00f1al\u00f3 que le preocupa esa situaci\u00f3n, porque en la casi totalidad de los accidentes de tr\u00e1nsito est\u00e1n involucrados motoristas, lo que representa para el Estado gastos superiores a los RD$60,000 millones cada a\u00f1o.<\/p>\n\n\n\n<p>Indic\u00f3 adem\u00e1s que tambi\u00e9n en los atracos, asaltos y asesinatos por encargo que se realizan en el pa\u00eds se producen en motocicletas, \u201cmuchas veces en dos, por si la encomienda falla con el primero\u201d.<\/p>\n\n\n\n<p>Entrevistado en el programa \u201cAs\u00ed Vamos, con H\u00e9ctor Guzm\u00e1n\u201d, que se difunde cada domingo&nbsp;a las 10:00 AM por TRA Teleradio Am\u00e9rica,&nbsp;el legislador demand\u00f3 del gobierno realizar las depuraciones de lugar, \u201cporque ni todos los que utilizan motocicletas son delincuentes. Es una proporci\u00f3n muy m\u00ednima\u201d.<\/p>\n\n\n\n<p>Calcul\u00f3 que los accidentes de tr\u00e1nsito representan para el Estado gastos superiores a los RD$60,000 millones cada a\u00f1o, solo para atender las v\u00edctimas y los que quedan lesionados en los hospitales traumatol\u00f3gicos.<\/p>\n\n\n\n<p>Dijo sentirse satisfecho de haber contribuido con un mecanismo de prevenci\u00f3n y desarrollo de las actividades transportista, como lo es la Ley 63-17, sobre Transporte y Movilidad Vial, cuyos resultados a\u00fan no se han vistos por diferentes razones.<\/p>\n\n\n\n<p>El legislador dijo que la Ley ha cumplido su cometido, se\u00f1alando entre otros logros, la eliminaci\u00f3n de por lo menos cinco instituciones y algunas de las eran una retranca para solucionar los problemas del sector.<\/p>\n\n\n\n<p>Refiri\u00f3 que para estructurar la indicada ley&nbsp;le dedic\u00f3 m\u00e1s de 4,000 horas de trabajo, del 2004 al 2010, cuando fue director de Tr\u00e1nsito Terrestre, mediante la cual&nbsp;se corrigieron&nbsp;varias distorsiones y a otras se les modificaron sus objetivos y competencias.<\/p>\n\n\n\n<p>Consider\u00f3 que si la normalizaci\u00f3n del tr\u00e1nsito no se ha logrado, se debe a la no aplicaci\u00f3n de la Ley, aunque entendi\u00f3 que es una legislaci\u00f3n, \u201camplia y t\u00e9cnica\u201d, que requiere la dedicaci\u00f3n de expertos para adecuar su aplicaci\u00f3n.<\/p>\n\n\n\n<p>Dijo que la se\u00f1alada ley tiene m\u00e1s de 300 art\u00edculos, \u201clos que tuvimos que explicar al pa\u00eds en largas jornadas de reuniones\u201d y que luego de ser promulgada \u201cfuimos a las universidades a exponer sobre su aplicaci\u00f3n\u201d.<\/p>\n\n\n\n<p>Destac\u00f3 adem\u00e1s que para viabilizar la aplicaci\u00f3n de la ley, fue necesario establecer la necesidad de que el Congreso aprobara 32 Reglamentos, los que fueron resumidos en 22, de los cuales apenas se han realizado unos seis.<\/p>\n\n\n\n<p>Observ\u00f3 que algunos reglamentos eran nuevos y t\u00e9cnicos como el de sistema de conducir por puntos, el gabinete psicot\u00e9cnico, el de inspecci\u00f3n t\u00e9cnica vehicular, reglamentos t\u00e9cnicos que por primera vez se deben aprobar y empezar a aplicar.<\/p>\n\n\n\n<p>A su juicio, vali\u00f3 la pena el esfuerzo que realiz\u00f3 con un grupo de expertos en la materia por ha significado una transformaci\u00f3n, de c\u00f3mo organizar el transporte de la Rep\u00fablica Dominicana y llevar a las escuelas y colegios, ense\u00f1ar a los estudiantes desde los niveles inicial, b\u00e1sico y universitario, para tener conductores, pasajeros y peatones conscientes.<\/p>\n\n\n\n<p><strong>Otros proyectos<\/strong><\/p>\n\n\n\n<p>El diputado opositor cit\u00f3 en sus iniciativas que se han convertido en ley, 193-19, la que busca la oficializaci\u00f3n definitiva de las fotos de nuestros patricios y ser colocadas e manera obligatoria en todas las oficinas estatales.<\/p>\n\n\n\n<p>Para tales fines se otorg\u00f3 un plazo de dos a\u00f1os para que el Instituto Duartiano, Efem\u00e9rides Patrias y la Academia Dominicana de la Historia definan las im\u00e1genes de nuestros h\u00e9roes&nbsp;<\/p>\n\n\n\n<p>\u201cNadie sabe cu\u00e1l es la foto oficial del Padre de la Patria Juan Pablo Duarte, porque uno entra a Google y aparecen decenas de fotos distintas, contrario a lo que ocurre en otras naciones, como Colombia y Venezuela, donde hay una sola imagen de Sim\u00f3n Bol\u00edvar\u201d, dijo.<\/p>\n\n\n\n<p>Otro proyecto que tambi\u00e9n fue promulgado tiene que ver con las discapacidades, establecidas en la Ley 35\/18, que oficializa el d\u00eda 23 de septiembre como D\u00eda del Atleta en Condiciones Especiales.<\/p>\n\n\n\n<p>Explic\u00f3 que el prop\u00f3sito es fomentar la disciplina deportiva en todas las comunidades que tienen problemas de autismo, s\u00edndrome de Down, automotricidad, audici\u00f3n, entre otras.<\/p>\n\n\n\n<p>Adem\u00e1s, otra que ha ido cuatro veces al Senado, sin que ser acogida, dirigida a que el ministerio de Educaci\u00f3n, a trav\u00e9s del departamento de Educaci\u00f3n Especial, regule el lenguaje de se\u00f1as y el sistema braille para los incapacitados visuales.&nbsp;<\/p>\n\n\n\n<p><strong>Pol\u00edtica<\/strong><\/p>\n\n\n\n<p>Como alto dirigente de la Fuerza del Pueblo que lidera el ex presidente Leonel Fern\u00e1ndez, Crespo dijo que la entidad se encuentra centrada en aumentar su militancia, esperando que el pr\u00f3ximo a\u00f1o registrar m\u00e1s de un mill\u00f3n de miembros afiliados.<\/p>\n\n\n\n<p>Dijo que como partido mayoritario, \u201cvamos a realizar nuestro Primer Congreso Electivo o Elector, porque las actuales autoridades est\u00e1n de manera transitoria\u201d, tras lo cual se escoger\u00e1 el presidente, los secretarios General, de Organizaci\u00f3n y los titulares de las 52 secretar\u00edas.<\/p>\n\n\n\n<p>\u201cEl pr\u00f3ximo a\u00f1o el Congreso Elector va preparar la FP, como el principal partido de oposici\u00f3n y ganar las elecciones de 2024, con el compa\u00f1ero Leonel Fern\u00e1ndez como su candidato presidencial, porque hemos sido el \u00fanico partido que ha estado creciendo de agosto para ac\u00e1\u201d, signific\u00f3.<\/p>\n\n\n\n<p><strong>Domingo 01 de agosto 2021<\/strong><\/p>\n","protected":false},"excerpt":{"rendered":"<p>SANTO DOMINGO.-&nbsp;El diputado del Partido Fuerza del Pueblo, Rafael Tob\u00edas Crespo, lament\u00f3 este domingo que las autoridades entregar licencias de conducir a los motoristas, sin previamente \u00e9stos aprobar los ex\u00e1menes te\u00f3rico-pr\u00e1ctico de lugar ni&nbsp;les exijan la certificaci\u00f3n de antecedentes penales. Crespo, se\u00f1al\u00f3 que le preocupa esa situaci\u00f3n, porque en la casi totalidad de los accidentes [&hellip;]<\/p>\n","protected":false},"author":7,"featured_media":290270,"comment_status":"closed","ping_status":"","sticky":true,"template":"","format":"standard","meta":{"footnotes":""},"categories":[20,27],"tags":[],"class_list":["post-290233","post","type-post","status-publish","format-standard","has-post-thumbnail","hentry","category-dominicana-hoy","category-portada"],"_links":{"self":[{"href":"https:\/\/diariodominicano.com\/index.php?rest_route=\/wp\/v2\/posts\/290233","targetHints":{"allow":["GET"]}}],"collection":[{"href":"https:\/\/diariodominicano.com\/index.php?rest_route=\/wp\/v2\/posts"}],"about":[{"href":"https:\/\/diariodominicano.com\/index.php?rest_route=\/wp\/v2\/types\/post"}],"author":[{"embeddable":true,"href":"https:\/\/diariodominicano.com\/index.php?rest_route=\/wp\/v2\/users\/7"}],"replies":[{"embeddable":true,"href":"https:\/\/diariodominicano.com\/index.php?rest_route=%2Fwp%2Fv2%2Fcomments&post=290233"}],"version-history":[{"count":1,"href":"https:\/\/diariodominicano.com\/index.php?rest_route=\/wp\/v2\/posts\/290233\/revisions"}],"predecessor-version":[{"id":290275,"href":"https:\/\/diariodominicano.com\/index.php?rest_route=\/wp\/v2\/posts\/290233\/revisions\/290275"}],"wp:featuredmedia":[{"embeddable":true,"href":"https:\/\/diariodominicano.com\/index.php?rest_route=\/wp\/v2\/media\/290270"}],"wp:attachment":[{"href":"https:\/\/diariodominicano.com\/index.php?rest_route=%2Fwp%2Fv2%2Fmedia&parent=290233"}],"wp:term":[{"taxonomy":"category","embeddable":true,"href":"https:\/\/diariodominicano.com\/index.php?rest_route=%2Fwp%2Fv2%2Fcategories&post=290233"},{"taxonomy":"post_tag","embeddable":true,"href":"https:\/\/diariodominicano.com\/index.php?rest_route=%2Fwp%2Fv2%2Ftags&post=290233"}],"curies":[{"name":"wp","href":"https:\/\/api.w.org\/{rel}","templated":true}]}}