{"id":290217,"date":"2021-08-01T21:54:43","date_gmt":"2021-08-02T01:54:43","guid":{"rendered":"http:\/\/diariodominicano.com\/?p=290217"},"modified":"2021-08-01T21:54:43","modified_gmt":"2021-08-02T01:54:43","slug":"ministerio-publico-arresta-banda-dedicada-a-robar-en-residencias-de-santiago","status":"publish","type":"post","link":"https:\/\/diariodominicano.com\/?p=290217","title":{"rendered":"Ministerio P\u00fablico arresta banda dedicada a robar en residencias de Santiago"},"content":{"rendered":"\n<p>diariodominicano.com<\/p>\n\n\n\n<p><em><u>Pedir\u00e1 prisi\u00f3n contra cinco de sus integrantes a los que les ocup\u00f3 seis rev\u00f3lveres, tres pistolas y un fusil<\/u><\/em><\/p>\n\n\n\n<p>Santiago, R. D., 1 de agosto, 2021.- El Ministerio P\u00fablico arrest\u00f3 a cinco integrantes de una banda armada dedicada a robar en residencias de Santiago, a los que ocup\u00f3 seis rev\u00f3lveres, tres pistolas y un fusil.<\/p>\n\n\n\n<p>Los detenidos fueron identificados como Wilson Starlyn Ure\u00f1a Gonz\u00e1lez, Welinton N\u00fa\u00f1ez Sermo, Jos\u00e9 Luis Mercedes Cabrera (El Regidor), Daniel Perdomo Peralta (Danny) y Yenerson Zarzuela Alc\u00e1ntara (Chon), quienes fueron arrestados por miembros del Ministerio P\u00fablico y la Direcci\u00f3n de Investigaciones Criminales (Dicrim) de la Polic\u00eda Nacional.<\/p>\n\n\n\n<p>Contra los imputados, arrestados con autorizaci\u00f3n judicial, ser\u00e1 solicitado un a\u00f1o de prisi\u00f3n preventiva, tomando en consideraci\u00f3n la gravedad de los hechos y que carecen de arraigos suficientes que aseguren su presencia en todas las etapas del proceso.<\/p>\n\n\n\n<p>El fiscal titular de Santiago, Osvaldo Bonilla, inform\u00f3 que al grupo le conocer\u00e1n medidas de coerci\u00f3n en las pr\u00f3ximas horas por estar involucrados en varios robos perpetrados en diferentes residencias de Navarrete, Licey al Medio y El Embrujo.<\/p>\n\n\n\n<p>Explic\u00f3 que en el transcurso de las investigaciones les fueron ocupadas distintas evidencias, incluyendo seis rev\u00f3lveres, tres pistolas, un fusil, cargadores para pistolas, adem\u00e1s de varias c\u00e1psulas de alto calibre y cartuchos calibre 12.<\/p>\n\n\n\n<p>Tambi\u00e9n, fueron incautadas mandarrias, pasamonta\u00f1as, pata de cabra, destornilladores, corta cristal y un veh\u00edculo tipo jeep, que utilizaban para la comisi\u00f3n de los hechos delictivos, as\u00ed como un pasaporte y otros documentos.<\/p>\n\n\n\n<p>La instancia con la solicitud de medida de coerci\u00f3n detalla que los encartados robaban armas de fuego, objetos del hogar, prendas y piezas de vestir para luego comercializarlas.<\/p>\n\n\n\n<p>El Ministerio P\u00fablico le ha otorgado al caso la calificaci\u00f3n jur\u00eddica de violaci\u00f3n a los art\u00edculos 265, 266, 379 y 386-1 y 2 del C\u00f3digo Penal Dominicano, que tipifican y sancionan la asociaci\u00f3n de malhechores y el robo agravado con uso de armas, as\u00ed como de violar la Ley 631-16 sobre Armas, Municiones y Materiales Relacionados.<\/p>\n\n\n\n<p><strong>Direcci\u00f3n de Comunicaci\u00f3n y Prensa<\/strong><\/p>\n\n\n\n<p><strong>Procuradur\u00eda General-Ministerio P\u00fablico RD<\/strong><\/p>\n\n\n\n<p><strong>Domingo, 1 de agosto de 2021<\/strong><\/p>\n\n\n\n<p><strong>Direcci\u00f3n General de Comunicaciones, Prensa y Relaciones P\u00fablicas<\/strong><\/p>\n\n\n\n<p>Procuradur\u00eda General de la Rep\u00fablica Dominicana<\/p>\n","protected":false},"excerpt":{"rendered":"<p>diariodominicano.com Pedir\u00e1 prisi\u00f3n contra cinco de sus integrantes a los que les ocup\u00f3 seis rev\u00f3lveres, tres pistolas y un fusil Santiago, R. D., 1 de agosto, 2021.- El Ministerio P\u00fablico arrest\u00f3 a cinco integrantes de una banda armada dedicada a robar en residencias de Santiago, a los que ocup\u00f3 seis rev\u00f3lveres, tres pistolas y un [&hellip;]<\/p>\n","protected":false},"author":5,"featured_media":290218,"comment_status":"closed","ping_status":"","sticky":true,"template":"","format":"standard","meta":{"footnotes":""},"categories":[24,27],"tags":[],"class_list":["post-290217","post","type-post","status-publish","format-standard","has-post-thumbnail","hentry","category-justicia-y-derecho","category-portada"],"_links":{"self":[{"href":"https:\/\/diariodominicano.com\/index.php?rest_route=\/wp\/v2\/posts\/290217","targetHints":{"allow":["GET"]}}],"collection":[{"href":"https:\/\/diariodominicano.com\/index.php?rest_route=\/wp\/v2\/posts"}],"about":[{"href":"https:\/\/diariodominicano.com\/index.php?rest_route=\/wp\/v2\/types\/post"}],"author":[{"embeddable":true,"href":"https:\/\/diariodominicano.com\/index.php?rest_route=\/wp\/v2\/users\/5"}],"replies":[{"embeddable":true,"href":"https:\/\/diariodominicano.com\/index.php?rest_route=%2Fwp%2Fv2%2Fcomments&post=290217"}],"version-history":[{"count":1,"href":"https:\/\/diariodominicano.com\/index.php?rest_route=\/wp\/v2\/posts\/290217\/revisions"}],"predecessor-version":[{"id":290219,"href":"https:\/\/diariodominicano.com\/index.php?rest_route=\/wp\/v2\/posts\/290217\/revisions\/290219"}],"wp:featuredmedia":[{"embeddable":true,"href":"https:\/\/diariodominicano.com\/index.php?rest_route=\/wp\/v2\/media\/290218"}],"wp:attachment":[{"href":"https:\/\/diariodominicano.com\/index.php?rest_route=%2Fwp%2Fv2%2Fmedia&parent=290217"}],"wp:term":[{"taxonomy":"category","embeddable":true,"href":"https:\/\/diariodominicano.com\/index.php?rest_route=%2Fwp%2Fv2%2Fcategories&post=290217"},{"taxonomy":"post_tag","embeddable":true,"href":"https:\/\/diariodominicano.com\/index.php?rest_route=%2Fwp%2Fv2%2Ftags&post=290217"}],"curies":[{"name":"wp","href":"https:\/\/api.w.org\/{rel}","templated":true}]}}