{"id":290213,"date":"2021-08-01T21:43:51","date_gmt":"2021-08-02T01:43:51","guid":{"rendered":"http:\/\/diariodominicano.com\/?p=290213"},"modified":"2021-08-01T21:43:51","modified_gmt":"2021-08-02T01:43:51","slug":"idiaf-recupera-y-dedica-a-la-innovacion-agricola-su-estacion-experimental-en-palo-alto-barahona","status":"publish","type":"post","link":"https:\/\/diariodominicano.com\/?p=290213","title":{"rendered":"Idiaf recupera y dedica a la innovaci\u00f3n agr\u00edcola su estaci\u00f3n experimental en Palo Alto, Barahona"},"content":{"rendered":"\n<p>diariodominicano.com<\/p>\n\n\n\n<p>Santo Domingo, R. D.,  1 de agosto, 2021.-  Continuando con su estrategia de rehabilitaci\u00f3n de las facilidades para impulsar el desarrollo tecnol\u00f3gico en el sector agr\u00edcola, el Instituto Dominicano de Investigaciones Agropecuarias y Forestales (Idiaf), recuper\u00f3 y relanz\u00f3 su Estaci\u00f3n Experimental Palo Alto en Barahona, dedicada a la innovaci\u00f3n tecnol\u00f3gica agr\u00edcola en los cultivos de mus\u00e1ceas (pl\u00e1tano, guineo y rulo), caf\u00e9, ra\u00edces y tub\u00e9rculos (yuca y batata) y frutales.<\/p>\n\n\n\n<p>El doctor Eladio Arnaud Santana, director ejecutivo del Idiaf, al presentar la remodelaci\u00f3n y acondicionamiento de la estaci\u00f3n, destac\u00f3 que el principal objetivo del Idiaf en su estaci\u00f3n experimental en Barahona es contribuir con el mejoramiento de la productividad y competitividad de los sistemas de producci\u00f3n de los productores de mus\u00e1ceas, caf\u00e9, ra\u00edces y tub\u00e9rculos y frutales de la regi\u00f3n, mediante la utilizaci\u00f3n de tecnolog\u00edas viables y sostenibles, la capacitaci\u00f3n y la actualizaci\u00f3n t\u00e9cnica de los profesionales agr\u00edcolas y productores&nbsp;en el manejo de los sistemas de producci\u00f3n en mus\u00e1ceas, caf\u00e9, ra\u00edces y tub\u00e9rculos y frutales, entre otras.<\/p>\n\n\n\n<div class=\"wp-block-image\"><figure class=\"alignleft size-large is-resized\"><img loading=\"lazy\" decoding=\"async\" src=\"https:\/\/diariodominicano.com\/wp-content\/uploads\/2021\/08\/Mangos-Idiaf-Palo-Alto-2021-08-1-1024x680.jpg\" alt=\"\" class=\"wp-image-290215\" width=\"236\" height=\"156\" srcset=\"https:\/\/diariodominicano.com\/wp-content\/uploads\/2021\/08\/Mangos-Idiaf-Palo-Alto-2021-08-1-1024x680.jpg 1024w, https:\/\/diariodominicano.com\/wp-content\/uploads\/2021\/08\/Mangos-Idiaf-Palo-Alto-2021-08-1-300x199.jpg 300w, https:\/\/diariodominicano.com\/wp-content\/uploads\/2021\/08\/Mangos-Idiaf-Palo-Alto-2021-08-1-768x510.jpg 768w, https:\/\/diariodominicano.com\/wp-content\/uploads\/2021\/08\/Mangos-Idiaf-Palo-Alto-2021-08-1-816x542.jpg 816w, https:\/\/diariodominicano.com\/wp-content\/uploads\/2021\/08\/Mangos-Idiaf-Palo-Alto-2021-08-1.jpg 1280w\" sizes=\"auto, (max-width: 236px) 100vw, 236px\" \/><\/figure><\/div>\n\n\n\n<p>En una extensi\u00f3n de 230 tareas, divididas en seis campos, la estaci\u00f3n experimental cuenta con infraestructura funcional para el desarrollo, validaci\u00f3n y transferencia de tecnolog\u00edas, que incluye: oficinas t\u00e9cnicas y administrativas, sal\u00f3n para conferencias y capacitaci\u00f3n, cinco grandes casas malla o sombras para producci\u00f3n de pl\u00e1ntulas de calidad de mus\u00e1ceas, caf\u00e9, coco, hortalizas y ra\u00edces y tub\u00e9rculos.<\/p>\n\n\n\n<p>En los campos experimentales, tambi\u00e9n, se cuenta con \u00e1rea adecuada para la realizaci\u00f3n de d\u00edas de campo, giras t\u00e9cnicas, parcelas demostrativas y validaci\u00f3n y desarrollo de tecnolog\u00edas con t\u00e9cnicos agr\u00edcolas y productores.<\/p>\n\n\n\n<p>Tambi\u00e9n, se cuenta con colecciones comerciales de variedades locales e introducidas de mango para la exportaci\u00f3n, de clones de pl\u00e1tanos y banano, variedades de yuca para consumo fresco y procesamiento industrial y con viveros para la reproducci\u00f3n masiva de pl\u00e1ntulas de calidad procedentes de cultivo de tejidos, de cormitos y cepas.<\/p>\n\n\n\n<p>Con personal t\u00e9cnico e investigadores calificados para ofrecer asistencia t\u00e9cnica y satisfacer la demanda de informaci\u00f3n tecnol\u00f3gica de los productores y t\u00e9cnicos ligados a la producci\u00f3n de mus\u00e1ceas, caf\u00e9, ra\u00edces y tub\u00e9rculos y frutales de la regi\u00f3n.<\/p>\n\n\n\n<p>Arnaud Santana destac\u00f3 que esta intervenci\u00f3n para el remozamiento y actualizaci\u00f3n tecnol\u00f3gica de la estaci\u00f3n experimental, se enmarca dentro de los lineamientos del plan estrat\u00e9gico que busca fortalecer institucionalmente al Idiaf para brindar productos y servicios tecnol\u00f3gicos de calidad a los productores agr\u00edcolas del pa\u00eds.<\/p>\n\n\n\n<p>Las palabras de bienvenida a la actividad fueron ofrecidas por la ingeniera Ana Mateo, encargada del Centro Sur del Idiaf. La ingeniera Mateo expres\u00f3 que las nuevas innovaciones tecnol\u00f3gicas que se generen a partir de las problem\u00e1ticas agr\u00edcolas identificadas en las fincas agr\u00edcolas de la zona, ser\u00e1n canalizadas a todos los productores a trav\u00e9s de los t\u00e9cnicos extensionistas para mejorar la productividad y la sostenibilidad de las explotaciones agr\u00edcolas.<\/p>\n\n\n\n<p>El ingeniero Juan S\u00e1nchez, director del Departamento de Extensi\u00f3n Agr\u00edcola del Ministerio de Agricultura, dijo los productores agr\u00edcolas de la zona deben sentirse privilegiado al contar con una estaci\u00f3n de investigaci\u00f3n de la cual se alimentar\u00e1 el sistema de extensi\u00f3n de la zona para impulsar la agricultura 4.0, que iniciar\u00e1 ese departamento en los pr\u00f3ximos d\u00edas, donde todos sus t\u00e9cnicos agr\u00edcolas estar\u00e1n dotados de equipos electr\u00f3nicos para mejorar la eficiencia de la asistencia t\u00e9cnica a productores de la regi\u00f3n Enriquillo, que incluye las provincias de Barahona, Pedernales, Bahoruco e Independencia.<\/p>\n\n\n\n<p>La actividad cont\u00f3 con la participaci\u00f3n de los ingenieros Manuel Pineda e &nbsp;Miguel Gonz\u00e1lez, del Instituto Nacional de Recursos Hidr\u00e1ulicos (Indrhi); del ingeniero Mateo Montero, subdirector del Fondo Especial para Desarrollo Agropecuario (FEDA); del ingeniero Carlos Manuel Feliz, representante de la Unidad T\u00e9cnica Ejecutora de Proyectos de Desarrollo Agroforestal de la Presidencia (Utepda); del ingeniero Luis F\u00e9lix F\u00e9lix, director regional del Instituto Dominicano del Caf\u00e9 (Indocafe), del ingeniero Pedro Medina, gerente del Banco Agr\u00edcola en Barahona; coronel Elvis Aquino, en representaci\u00f3n del General Pedro Pablo Cabreja, del Ej\u00e9rcito de la Rep\u00fablica Dominicana y del teniente coronel Ricardo Alc\u00e1ntara feliz, en representaci\u00f3n del general Eduardo Alberto, de la Polic\u00eda Nacional.<\/p>\n\n\n\n<p>Tambi\u00e9n, del se\u00f1or C\u00e9sar Ross,\u00a0presidente\u00a0del Consejo Regulador de la Denominaci\u00f3n\u00a0de\u00a0Origen\u00a0Caf\u00e9 Barahona; del se\u00f1or Carlos Valent\u00edn Batista, alcalde municipal del municipio de Jaquimeyes y Fabio Canario, alcalde municipal del municipio de El Pe\u00f1on, entre otras personalidades.<\/p>\n\n\n\n<p><br><strong>Rafael Olmedo V\u00e1squez<\/strong><\/p>\n\n\n\n<p>Relaciones P\u00fablicas IDIAF<\/p>\n\n\n\n<p><strong>Inst. Dom. Invest. Agropecuaria y Forestal IDIAF<\/strong><\/p>\n","protected":false},"excerpt":{"rendered":"<p>diariodominicano.com Santo Domingo, R. D., 1 de agosto, 2021.- Continuando con su estrategia de rehabilitaci\u00f3n de las facilidades para impulsar el desarrollo tecnol\u00f3gico en el sector agr\u00edcola, el Instituto Dominicano de Investigaciones Agropecuarias y Forestales (Idiaf), recuper\u00f3 y relanz\u00f3 su Estaci\u00f3n Experimental Palo Alto en Barahona, dedicada a la innovaci\u00f3n tecnol\u00f3gica agr\u00edcola en los cultivos [&hellip;]<\/p>\n","protected":false},"author":5,"featured_media":290214,"comment_status":"closed","ping_status":"","sticky":true,"template":"","format":"standard","meta":{"footnotes":""},"categories":[20,27],"tags":[],"class_list":["post-290213","post","type-post","status-publish","format-standard","has-post-thumbnail","hentry","category-dominicana-hoy","category-portada"],"_links":{"self":[{"href":"https:\/\/diariodominicano.com\/index.php?rest_route=\/wp\/v2\/posts\/290213","targetHints":{"allow":["GET"]}}],"collection":[{"href":"https:\/\/diariodominicano.com\/index.php?rest_route=\/wp\/v2\/posts"}],"about":[{"href":"https:\/\/diariodominicano.com\/index.php?rest_route=\/wp\/v2\/types\/post"}],"author":[{"embeddable":true,"href":"https:\/\/diariodominicano.com\/index.php?rest_route=\/wp\/v2\/users\/5"}],"replies":[{"embeddable":true,"href":"https:\/\/diariodominicano.com\/index.php?rest_route=%2Fwp%2Fv2%2Fcomments&post=290213"}],"version-history":[{"count":1,"href":"https:\/\/diariodominicano.com\/index.php?rest_route=\/wp\/v2\/posts\/290213\/revisions"}],"predecessor-version":[{"id":290216,"href":"https:\/\/diariodominicano.com\/index.php?rest_route=\/wp\/v2\/posts\/290213\/revisions\/290216"}],"wp:featuredmedia":[{"embeddable":true,"href":"https:\/\/diariodominicano.com\/index.php?rest_route=\/wp\/v2\/media\/290214"}],"wp:attachment":[{"href":"https:\/\/diariodominicano.com\/index.php?rest_route=%2Fwp%2Fv2%2Fmedia&parent=290213"}],"wp:term":[{"taxonomy":"category","embeddable":true,"href":"https:\/\/diariodominicano.com\/index.php?rest_route=%2Fwp%2Fv2%2Fcategories&post=290213"},{"taxonomy":"post_tag","embeddable":true,"href":"https:\/\/diariodominicano.com\/index.php?rest_route=%2Fwp%2Fv2%2Ftags&post=290213"}],"curies":[{"name":"wp","href":"https:\/\/api.w.org\/{rel}","templated":true}]}}