{"id":290210,"date":"2021-08-01T21:36:35","date_gmt":"2021-08-02T01:36:35","guid":{"rendered":"http:\/\/diariodominicano.com\/?p=290210"},"modified":"2021-08-01T21:36:35","modified_gmt":"2021-08-02T01:36:35","slug":"ministerio-publico-investiga-fuga-de-privado-de-libertad-de-carcel-preventiva-de-santiago","status":"publish","type":"post","link":"https:\/\/diariodominicano.com\/?p=290210","title":{"rendered":"Ministerio P\u00fablico investiga fuga de privado de libertad de c\u00e1rcel preventiva de Santiago"},"content":{"rendered":"\n<p>diariodominicano.com<\/p>\n\n\n\n<p>Santiago, R. D.,  1 de agosto, 2021.- El Ministerio P\u00fablico investiga la circunstancia en que se fug\u00f3 la noche del pasado s\u00e1bado un privado de libertad de la c\u00e1rcel preventiva del Palacio de Justicia de esta demarcaci\u00f3n.<\/p>\n\n\n\n<p>Estil Diory Fern\u00e1ndez (El Mello), quien escap\u00f3 alrededor de las 9:30 de la noche,&nbsp; se encontraba a la espera de ser trasladado a un recinto penitenciario de esta demarcaci\u00f3n para cumplir un a\u00f1o de prisi\u00f3n preventiva que le hab\u00eda sido impuesto por su vinculaci\u00f3n al homicidio del agente policial Jean Carlos Ram\u00edrez Carvajal.<\/p>\n\n\n\n<p>Fern\u00e1ndez y otros dos vinculados al homicidio, quienes tambi\u00e9n cumplen prisi\u00f3n preventiva, enfrentaron a tiros al miembro de la Polic\u00eda Nacional mientras perpetraban un robo en un lugar p\u00fablico.<\/p>\n\n\n\n<p>El fiscal titular de Santiago, Osvaldo Bonilla, inform\u00f3 que profundizan las investigaciones para determinar si hay m\u00e1s personas involucradas en la fuga del interno y establecer las responsabilidades correspondientes.<\/p>\n\n\n\n<p>A trav\u00e9s de un documento de prensa, indic\u00f3 que junto a las dem\u00e1s autoridades de la zona han activado la localizaci\u00f3n de&nbsp; Fern\u00e1ndez, a quien recomend\u00f3 que se entregue para que responda por los cargos que se les imputan.<\/p>\n\n\n\n<p>Fuente:   <strong>Direcci\u00f3n de Comunicaci\u00f3n y Prensa<\/strong><\/p>\n\n\n\n<p><strong>Procuradur\u00eda General-Ministerio P\u00fablico RD<\/strong><\/p>\n\n\n\n<p><strong>Domingo, 1 de agosto de 2021.<\/strong><\/p>\n\n\n\n<p><strong>Direcci\u00f3n General de Comunicaciones, Prensa y Relaciones P\u00fablicas<\/strong><\/p>\n\n\n\n<p>Procuradur\u00eda General de la Rep\u00fablica Dominicana<\/p>\n","protected":false},"excerpt":{"rendered":"<p>diariodominicano.com Santiago, R. D., 1 de agosto, 2021.- El Ministerio P\u00fablico investiga la circunstancia en que se fug\u00f3 la noche del pasado s\u00e1bado un privado de libertad de la c\u00e1rcel preventiva del Palacio de Justicia de esta demarcaci\u00f3n. Estil Diory Fern\u00e1ndez (El Mello), quien escap\u00f3 alrededor de las 9:30 de la noche,&nbsp; se encontraba a [&hellip;]<\/p>\n","protected":false},"author":5,"featured_media":290211,"comment_status":"closed","ping_status":"","sticky":true,"template":"","format":"standard","meta":{"footnotes":""},"categories":[24,27],"tags":[],"class_list":["post-290210","post","type-post","status-publish","format-standard","has-post-thumbnail","hentry","category-justicia-y-derecho","category-portada"],"_links":{"self":[{"href":"https:\/\/diariodominicano.com\/index.php?rest_route=\/wp\/v2\/posts\/290210","targetHints":{"allow":["GET"]}}],"collection":[{"href":"https:\/\/diariodominicano.com\/index.php?rest_route=\/wp\/v2\/posts"}],"about":[{"href":"https:\/\/diariodominicano.com\/index.php?rest_route=\/wp\/v2\/types\/post"}],"author":[{"embeddable":true,"href":"https:\/\/diariodominicano.com\/index.php?rest_route=\/wp\/v2\/users\/5"}],"replies":[{"embeddable":true,"href":"https:\/\/diariodominicano.com\/index.php?rest_route=%2Fwp%2Fv2%2Fcomments&post=290210"}],"version-history":[{"count":1,"href":"https:\/\/diariodominicano.com\/index.php?rest_route=\/wp\/v2\/posts\/290210\/revisions"}],"predecessor-version":[{"id":290212,"href":"https:\/\/diariodominicano.com\/index.php?rest_route=\/wp\/v2\/posts\/290210\/revisions\/290212"}],"wp:featuredmedia":[{"embeddable":true,"href":"https:\/\/diariodominicano.com\/index.php?rest_route=\/wp\/v2\/media\/290211"}],"wp:attachment":[{"href":"https:\/\/diariodominicano.com\/index.php?rest_route=%2Fwp%2Fv2%2Fmedia&parent=290210"}],"wp:term":[{"taxonomy":"category","embeddable":true,"href":"https:\/\/diariodominicano.com\/index.php?rest_route=%2Fwp%2Fv2%2Fcategories&post=290210"},{"taxonomy":"post_tag","embeddable":true,"href":"https:\/\/diariodominicano.com\/index.php?rest_route=%2Fwp%2Fv2%2Ftags&post=290210"}],"curies":[{"name":"wp","href":"https:\/\/api.w.org\/{rel}","templated":true}]}}