{"id":290207,"date":"2021-08-01T21:23:13","date_gmt":"2021-08-02T01:23:13","guid":{"rendered":"http:\/\/diariodominicano.com\/?p=290207"},"modified":"2021-08-01T21:23:13","modified_gmt":"2021-08-02T01:23:13","slug":"presidente-abinader-inaugura-en-azua-proyecto-agricola-con-una-inversion-de-724-millones","status":"publish","type":"post","link":"https:\/\/diariodominicano.com\/?p=290207","title":{"rendered":"Presidente Abinader inaugura en Azua proyecto agr\u00edcola con una inversi\u00f3n de 724 millones"},"content":{"rendered":"\n<p>diariodominicano.com<\/p>\n\n\n\n<p>Sabana Yegua, Azua, R. D., 1 de agosto, 2021.- El presidente de la Rep\u00fablica, Luis\u00a0Abinader, dej\u00f3 en funcionamiento\u00a0la primera etapa del Proyecto de Desarrollo Agr\u00edcola Azua II \u2013 Pueblo Viejo, con una inversi\u00f3n de RD$724 millones.<\/p>\n\n\n\n<p>Luego de permanecer abandonado durante varios a\u00f1os, fue retomado por el Instituto Nacional de Recursos Hidr\u00e1ulicos (INDRHI)&nbsp;y&nbsp;tiene como objetivo optimizar el riego en el valle de Azua mediante la recuperaci\u00f3n de las infraestructuras existentes en el sistema&nbsp;Ysura.&nbsp;Adem\u00e1s,&nbsp;como la construcci\u00f3n y equipamiento de nuevas estructuras,&nbsp;se&nbsp;procura un uso adecuado del agua, expandir el \u00e1rea de producci\u00f3n agr\u00edcola y mejorar la calidad de vida de las familias.<\/p>\n\n\n\n<p>Al pronunciar algunas palabras, el jefe de Estado dijo que con el trabajo que el Gobierno realiza a favor del sector agr\u00edcola del pa\u00eds, la seguridad alimentaria est\u00e1 garantizada en Rep\u00fablica&nbsp;Dominicana.&nbsp;<\/p>\n\n\n\n<p>\u201cEl cambio lleg\u00f3 al sector agropecuario y nos falta mucho por hacer, as\u00ed que seguiremos cambiando para el&nbsp;bien delpa\u00eds\u201d.<\/p>\n\n\n\n<p>Del mismo modo, se\u00f1al\u00f3 que las presentes autoridades les dan seguimiento a las obras no importa qui\u00e9n las haya iniciado \u201csiempre y cuando sea para beneficio de toda la poblaci\u00f3n dominicana\u201d.<\/p>\n\n\n\n<p>Inform\u00f3 que el&nbsp;Ministerio de Agricultura ha preparado en esta provincia de Azua aproximadamente 142 mil tareas de manera gratuita y que se han arreglado 150 km de caminos vecinales.<\/p>\n\n\n\n<p>El mandatario consider\u00f3 que si la provincia de Azua se contin\u00faa apoyando ser\u00e1 una potencia agr\u00edcola con una producci\u00f3n cada vez m\u00e1s diversificada para su comercializaci\u00f3n.<\/p>\n\n\n\n<p>El director del INDRHI, Olmedo&nbsp;Caba, explic\u00f3 que en la fase final del proyecto estar\u00e1 garantizado el riego de unas 380,000 tareas de cultivo agr\u00edcola,&nbsp;con caudales continuos y regulados, lo que significar\u00e1 mejor\u00edas en la calidad de vida de m\u00e1s de 170,000 habitantes de la zona.<\/p>\n\n\n\n<p>Asimismo, destac\u00f3 que se trata de un programa de soluciones de riego en este valle, \u201cque implicar\u00e1 el mejoramiento del proyecto existente mediante la recuperaci\u00f3n de sus estructuras, el dise\u00f1o, instalaci\u00f3n y equipamiento de nuevas obras, lo que garantizar\u00e1 un uso m\u00e1s eficiente del agua en el sistema&nbsp;Ysura&nbsp;y una expansi\u00f3n del \u00e1rea de riego hacia la zona denominada Azua II, correspondiente a las comunidades de Las Charcas,&nbsp;Esteban\u00eda&nbsp;y Hatillo\u201d.<\/p>\n\n\n\n<p>El ex presidente de&nbsp;la&nbsp;Junta de Regantes&nbsp;Ysura, Jorge Antonio Vicente, agradeci\u00f3 en nombre de todos al jefe de Estado,&nbsp;la obra entregada hoy en la comunidad.<\/p>\n\n\n\n<p>Vicente expres\u00f3&nbsp;que la obra beneficiar\u00e1 a m\u00e1s de 300 mil tareas de tierras de diferentes cultivos y de igual manera, a m\u00e1s de 9 mil usuarios, lo que mejorar\u00e1 la calidad de vida de los productores de la zona.<\/p>\n\n\n\n<p><strong>Distribuci\u00f3n de reservorios<\/strong><\/p>\n\n\n\n<p>Esta primera etapa consiste en la puesta en funcionamiento de tres reservorios y sus obras complementarias.<\/p>\n\n\n\n<p>El reservorio N\u00b01 tiene capacidad para almacenar 119,605 metros c\u00fabicos e irrigar 47,525 tareas a lo largo del canal lateral n\u00famero 1, beneficiando de manera directa a 1,214 personas y a sus respectivas familias. Fue necesario la ampliaci\u00f3n y mejoramiento de un sif\u00f3n en el referido canal.<\/p>\n\n\n\n<p>El reservorio N\u00b02, con capacidad para 60 mil metros c\u00fabicos, permitir\u00e1 irrigar 22,705 tareas,&nbsp;cultivadas por 718 personas. En el canal lateral que ser\u00e1 alimentado por esta laguna se construy\u00f3 un sif\u00f3n en su intercepci\u00f3n con el r\u00edo&nbsp;T\u00e1bara, para mantener el flujo continuo del agua. Adem\u00e1s, una longitud de 2.8 kil\u00f3metros del canal fue revestida en hormig\u00f3n y se rehabilitaron 5.6 kil\u00f3metros de su berma.<\/p>\n\n\n\n<p>Mientras que el reservorio N\u00b04 tiene capacidad de 50 mil metros c\u00fabicos, con el cual se irrigar\u00e1 una cantidad superior a las 21,000 tareas, que son cultivadas por m\u00e1s de 650 productores.<\/p>\n\n\n\n<p>Esta infraestructura se complementa con un parque ecol\u00f3gico en el municipio de Sabana Yegua, que mejorar\u00e1 las condiciones de vida de los habitantes adyacentes a este reservorio, principalmente de ni\u00f1os y adolescentes de la zona, que contar\u00e1n a partir de ahora con un \u00e1rea de esparcimiento y recreaci\u00f3n.<\/p>\n\n\n\n<p>Otros trabajos complementarios consistieron en la rehabilitaci\u00f3n de diferentes tramos del canal&nbsp;Ysura&nbsp;y 13 kil\u00f3metros de su berma, instalaci\u00f3n de 303 compuertas deslizantes y parcelarias, y dos compuertas radiales, as\u00ed como la rehabilitaci\u00f3n de otras dos radiales y seis de control de flujo de agua.<\/p>\n\n\n\n<p>El jefe del Estado estuvo acompa\u00f1ado por Miguel&nbsp;CearaHatton, ministro de Econom\u00eda, Planificaci\u00f3n y Desarrollo;&nbsp;Limber&nbsp;Cruz, ministro de Agricultura; Wellington&nbsp;Arnaud, director del INAPA; Gilberto Reynoso, director ejecutivo del Gabinete del Agua; \u00c1ngel Rafael Salazar, administrador de EGEHID.<\/p>\n\n\n\n<p>Junto a ellos, Iv\u00e1n Jos\u00e9 Hern\u00e1ndez, director del INESPRE; Efra\u00edn Bernardo Toribio, director del FEDA; Fernando Dur\u00e1n, administrador del Banco Agr\u00edcola; \u00c1ngela P\u00e9rez D\u00edaz, gobernadora de Azua; L\u00eda D\u00edaz, senadora por Azua y\u00a0Ruddy\u00a0Gonz\u00e1lez, alcalde.<\/p>\n\n\n\n<p>Fuente: Direcci\u00f3n de Prensa<\/p>\n\n\n\n<p>Presidencia de la Rep\u00fablica Dominicana<\/p>\n","protected":false},"excerpt":{"rendered":"<p>diariodominicano.com Sabana Yegua, Azua, R. D., 1 de agosto, 2021.- El presidente de la Rep\u00fablica, Luis\u00a0Abinader, dej\u00f3 en funcionamiento\u00a0la primera etapa del Proyecto de Desarrollo Agr\u00edcola Azua II \u2013 Pueblo Viejo, con una inversi\u00f3n de RD$724 millones. Luego de permanecer abandonado durante varios a\u00f1os, fue retomado por el Instituto Nacional de Recursos Hidr\u00e1ulicos (INDRHI)&nbsp;y&nbsp;tiene como [&hellip;]<\/p>\n","protected":false},"author":5,"featured_media":290208,"comment_status":"closed","ping_status":"","sticky":true,"template":"","format":"standard","meta":{"footnotes":""},"categories":[18,27],"tags":[],"class_list":["post-290207","post","type-post","status-publish","format-standard","has-post-thumbnail","hentry","category-economia","category-portada"],"_links":{"self":[{"href":"https:\/\/diariodominicano.com\/index.php?rest_route=\/wp\/v2\/posts\/290207","targetHints":{"allow":["GET"]}}],"collection":[{"href":"https:\/\/diariodominicano.com\/index.php?rest_route=\/wp\/v2\/posts"}],"about":[{"href":"https:\/\/diariodominicano.com\/index.php?rest_route=\/wp\/v2\/types\/post"}],"author":[{"embeddable":true,"href":"https:\/\/diariodominicano.com\/index.php?rest_route=\/wp\/v2\/users\/5"}],"replies":[{"embeddable":true,"href":"https:\/\/diariodominicano.com\/index.php?rest_route=%2Fwp%2Fv2%2Fcomments&post=290207"}],"version-history":[{"count":1,"href":"https:\/\/diariodominicano.com\/index.php?rest_route=\/wp\/v2\/posts\/290207\/revisions"}],"predecessor-version":[{"id":290209,"href":"https:\/\/diariodominicano.com\/index.php?rest_route=\/wp\/v2\/posts\/290207\/revisions\/290209"}],"wp:featuredmedia":[{"embeddable":true,"href":"https:\/\/diariodominicano.com\/index.php?rest_route=\/wp\/v2\/media\/290208"}],"wp:attachment":[{"href":"https:\/\/diariodominicano.com\/index.php?rest_route=%2Fwp%2Fv2%2Fmedia&parent=290207"}],"wp:term":[{"taxonomy":"category","embeddable":true,"href":"https:\/\/diariodominicano.com\/index.php?rest_route=%2Fwp%2Fv2%2Fcategories&post=290207"},{"taxonomy":"post_tag","embeddable":true,"href":"https:\/\/diariodominicano.com\/index.php?rest_route=%2Fwp%2Fv2%2Ftags&post=290207"}],"curies":[{"name":"wp","href":"https:\/\/api.w.org\/{rel}","templated":true}]}}