{"id":290204,"date":"2021-08-01T21:15:33","date_gmt":"2021-08-02T01:15:33","guid":{"rendered":"http:\/\/diariodominicano.com\/?p=290204"},"modified":"2021-08-01T21:15:33","modified_gmt":"2021-08-02T01:15:33","slug":"interpol-de-colombia-expide-circular-para-capturar-a-lider-de-guerrilla-acusado-de-atentado-contra-presidente-duque","status":"publish","type":"post","link":"https:\/\/diariodominicano.com\/?p=290204","title":{"rendered":"Interpol de Colombia expide circular para capturar a l\u00edder de guerrilla acusado de atentado contra presidente Duque"},"content":{"rendered":"\n<p>diariodominicano.com<a rel=\"noreferrer noopener\" href=\"http:\/\/home.xinhua-news.com\/gdsdetailxhs\/share\/9764436-?pageflag=iframe\" target=\"_blank\"><\/a><\/p>\n\n\n\n<pre id=\"text-news-description\" class=\"wp-block-preformatted\">   BOGOT\u00c1, 1 ago (Xinhua) -- La polic\u00eda internacional Interpol de Colombia expidi\u00f3 una \"circular roja\" de b\u00fasqueda contra Javier Veloza, alias \"Jhon Mechas\", l\u00edder de la disidencia de la guerrilla de las Fuerzas Armadas Revolucionarias de Colombia (FARC), acusado de ordenar el atentado contra el presidente Iv\u00e1n Duque, inform\u00f3 hoy el director de la Polic\u00eda Nacional, general Jorge Luis Vargas.\n   \"La oficina central nacional de Interpol de Colombia expide circular roja, que tendr\u00e1 vigencia con fines de captura y extradici\u00f3n en 196 pa\u00edses del mundo que integran Interpol, contra la persona conocida como \"Jhon Mechas'\", declar\u00f3 el oficial.\n   El general Vargas record\u00f3 que Veloza comanda el grupo armado residual conocido como GAOR 33 de las disidencias de las FARC, que opera en el departamento colombiano de Norte de Santander (noreste).\n   \"Esta circular roja es la primera que se expide contra este cabecilla por varios delitos, entre ellos concierto para delinquir agravado, terrorismo, tr\u00e1fico, fabricaci\u00f3n o porte de armas de uso privativo y homicidio agravado\", a\u00f1adi\u00f3 Vargas.\n   Seg\u00fan el director de la Polic\u00eda Nacional, la persona buscada est\u00e1 acusada de ser el autor intelectual del atentado contra el presidente Duque, quien result\u00f3 ileso de un ataque en que milicianos dispararon contra el helic\u00f3ptero del mandatario antes de aterrizar en la ciudad de C\u00facuta (noreste).\n   La circular de b\u00fasqueda contra Veloza tambi\u00e9n es por ser el autor intelectual del coche bomba detonado en la Brigada 30 del Ej\u00e9rcito el 15 de junio pasado, con saldo de 36 personas heridas, entre ellas uniformados y civiles.\n   Por ambos hechos fueron capturadas en C\u00facuta 10 personas, entre ellas tres que habr\u00edan participado de manera activa en \"el dise\u00f1o y la ejecuci\u00f3n\".<\/pre>\n","protected":false},"excerpt":{"rendered":"<p>diariodominicano.com BOGOT\u00c1, 1 ago (Xinhua) &#8212; La polic\u00eda internacional Interpol de Colombia expidi\u00f3 una \u00abcircular roja\u00bb de b\u00fasqueda contra Javier Veloza, alias \u00abJhon Mechas\u00bb, l\u00edder de la disidencia de la guerrilla de las Fuerzas Armadas Revolucionarias de Colombia (FARC), acusado de ordenar el atentado contra el presidente Iv\u00e1n Duque, inform\u00f3 hoy el director de la [&hellip;]<\/p>\n","protected":false},"author":5,"featured_media":290205,"comment_status":"closed","ping_status":"","sticky":true,"template":"","format":"standard","meta":{"footnotes":""},"categories":[23,27],"tags":[],"class_list":["post-290204","post","type-post","status-publish","format-standard","has-post-thumbnail","hentry","category-internacional","category-portada"],"_links":{"self":[{"href":"https:\/\/diariodominicano.com\/index.php?rest_route=\/wp\/v2\/posts\/290204","targetHints":{"allow":["GET"]}}],"collection":[{"href":"https:\/\/diariodominicano.com\/index.php?rest_route=\/wp\/v2\/posts"}],"about":[{"href":"https:\/\/diariodominicano.com\/index.php?rest_route=\/wp\/v2\/types\/post"}],"author":[{"embeddable":true,"href":"https:\/\/diariodominicano.com\/index.php?rest_route=\/wp\/v2\/users\/5"}],"replies":[{"embeddable":true,"href":"https:\/\/diariodominicano.com\/index.php?rest_route=%2Fwp%2Fv2%2Fcomments&post=290204"}],"version-history":[{"count":1,"href":"https:\/\/diariodominicano.com\/index.php?rest_route=\/wp\/v2\/posts\/290204\/revisions"}],"predecessor-version":[{"id":290206,"href":"https:\/\/diariodominicano.com\/index.php?rest_route=\/wp\/v2\/posts\/290204\/revisions\/290206"}],"wp:featuredmedia":[{"embeddable":true,"href":"https:\/\/diariodominicano.com\/index.php?rest_route=\/wp\/v2\/media\/290205"}],"wp:attachment":[{"href":"https:\/\/diariodominicano.com\/index.php?rest_route=%2Fwp%2Fv2%2Fmedia&parent=290204"}],"wp:term":[{"taxonomy":"category","embeddable":true,"href":"https:\/\/diariodominicano.com\/index.php?rest_route=%2Fwp%2Fv2%2Fcategories&post=290204"},{"taxonomy":"post_tag","embeddable":true,"href":"https:\/\/diariodominicano.com\/index.php?rest_route=%2Fwp%2Fv2%2Ftags&post=290204"}],"curies":[{"name":"wp","href":"https:\/\/api.w.org\/{rel}","templated":true}]}}