{"id":290201,"date":"2021-08-01T21:05:53","date_gmt":"2021-08-02T01:05:53","guid":{"rendered":"http:\/\/diariodominicano.com\/?p=290201"},"modified":"2021-08-01T21:05:53","modified_gmt":"2021-08-02T01:05:53","slug":"presidente-abinader-inaugura-la-primera-comunidad-sostenible-del-pais-construida-bajo-una-alianza-publico-privada","status":"publish","type":"post","link":"https:\/\/diariodominicano.com\/?p=290201","title":{"rendered":"Presidente Abinader inaugura la primera comunidad sostenible del pa\u00eds, construida bajo una alianza p\u00fablico-privada"},"content":{"rendered":"\n<p>diariodominicano.com<\/p>\n\n\n\n<p>Azua, R. D.,  1 de agosto, 2021.-\u00a0El presidente Luis\u00a0Abinader\u00a0dej\u00f3 inaugurada la primera comunidad\u00a0autosostenible, con sistema\u00a0solar del pa\u00eds, construida en la comunidad de Sabana Yegua Viejo bajo alianza p\u00fablico-privada.<\/p>\n\n\n\n<p>Con esta iniciativa el presidente&nbsp;Abinader&nbsp;sigue apostando por la energ\u00eda renovable como alternativa para mejorar las condiciones de vida de la gente y proteger el medio ambiente.<\/p>\n\n\n\n<p>\u00abLo que yo estoy viendo aqu\u00ed es que esto se trata de un modelo de desarrollo social, econ\u00f3mico e integral de una comunidad\u00bb, dijo el mandatario.<\/p>\n\n\n\n<p>Agreg\u00f3 que ese es un modelo que hay que tomar como ejemplo para seguir replic\u00e1ndolo en otras comunidades, en ese sentido, se comprometi\u00f3 a dar todo el apoyo del gobierno.<\/p>\n\n\n\n<p>\u00abLo que aqu\u00ed falta por terminar, cinco viviendas y una iglesia, el Gobierno entregar\u00e1 los recursos a la organizaci\u00f3n H\u00e1bitat para que las construya\u00bb, anunci\u00f3 el gobernante.<\/p>\n\n\n\n<p>Abinader&nbsp;felicit\u00f3 a la comunidad de Sabana Yegua Viejo, significando que \u00abesta conexi\u00f3n social,&nbsp;esta unidad de prop\u00f3sito que ustedes han asumido es el camino directo hacia el desarrollo\u00bb.<\/p>\n\n\n\n<p><strong>Comunitarios felices por ser la primera vez que un presidente los visita<\/strong><\/p>\n\n\n\n<p>La l\u00edder comunitaria Alejandrina De Jes\u00fas, expres\u00f3 con gran agrado que es un logro para los comunitarios recibir al presidente&nbsp;Abinader&nbsp;ya que es la primera vez que un mandatario los visita.<\/p>\n\n\n\n<p>De Jes\u00fas agradeci\u00f3 al Gobierno por llevar lo que por a\u00f1os necesitaba la comunidad de Sabana Yegua Vieja, para vivir dignamente.<\/p>\n\n\n\n<p>\u201cUstedes no saben lo duro que es no tener acceso a un sanitario, a agua potable y a energ\u00eda el\u00e9ctrica\u201d, expres\u00f3 De Jes\u00fas.<\/p>\n\n\n\n<p>El proyecto que tuvo una inversi\u00f3n de un mill\u00f3n 400 mil d\u00f3lares, cont\u00f3 con la cooperaci\u00f3n del Gobierno a trav\u00e9s de los Ministerios de Medio Ambiente y Recursos Naturales, Econom\u00eda, Planificaci\u00f3n y Desarrollo, Agricultura, Energ\u00eda y Minas,&nbsp;Edesur&nbsp;y del Sistema \u00danico de Beneficiarios (SIUBEN).<\/p>\n\n\n\n<p>Fue cofinanciado por el laboratorio de innovaci\u00f3n del Banco Interamericano de Desarrollo, BID&nbsp;Lab, Innovaci\u00f3n y Tecnolog\u00edas Limpias para el Desarrollo Rural Sostenible, ejecutado por&nbsp;Nature&nbsp;Power&nbsp;Foundation, empresas privadas, instituciones sin fines de lucro y el Programa de las Naciones Unidas para Rep\u00fablica Dominicana, entre otras.<\/p>\n\n\n\n<p>La Fundaci\u00f3n&nbsp;Nature&nbsp;Power&nbsp;Foundation&nbsp;ejecut\u00f3 el proyecto de \u00abNature&nbsp;Village\u201d, un modelo de comunidad&nbsp;autosostenible&nbsp;y replicable.<\/p>\n\n\n\n<p>El proyecto brinda el acceso por primera vez a energ\u00eda, agua potable, viviendas ecol\u00f3gicas dignas, oportunidades de emprendimiento y acceso a tecnolog\u00eda, para beneficiar a 50 familias que viven desde hace m\u00e1s de 40 a\u00f1os en la zona con carencia de todos sus servicios b\u00e1sicos.<\/p>\n\n\n\n<p>\u00abEsto lo hacemos junto a la Fundaci\u00f3n para el Desarrollo de Azua, San Juan y El\u00edas Pi\u00f1a, con el objetivo de acompa\u00f1arlos en el proceso de transformaci\u00f3n hacia la&nbsp;autosostenibilidad\u00bb, expres\u00f3 Laura Rojas, fundadora y directora ejecutiva de la fundaci\u00f3n.<\/p>\n\n\n\n<p>Agreg\u00f3 que&nbsp;Nature&nbsp;Village&nbsp;es un proyecto \u00fanico en su tipo y busca cerrar brechas de desarrollo en la prestaci\u00f3n de servicios b\u00e1sicos, desarrollando una plataforma de datos abiertos que utilizar\u00e1 el Internet de las Cosas (IoT) para correlacionar indicadores socioecon\u00f3micos, demogr\u00e1ficos, im\u00e1genes y mapas.<\/p>\n\n\n\n<p>\u201cEsto permitir\u00e1 focalizar y&nbsp;eficientizar&nbsp;las inversiones p\u00fablicas y privadas en comunidades rurales a trav\u00e9s de los datos de consumo y cambios de comportamiento que se generen en la plataforma desarrollada con este proyecto\u201d, dijo la ejecutiva.<\/p>\n\n\n\n<p>En el acto participaron el ministro de Agricultura,\u00a0LimberCruz; Juan\u00a0Garrig\u00f3, viceministro administrativo de la Presidencia; Miguel Coronado, representante del BID;\u00a0InkaMattila, representante de la ONU; \u00c1ngela Grey P\u00e9rez, gobernadora de Azua; L\u00eda\u00a0Ynocencia\u00a0D\u00edaz, senadora de Azua; Alejandrina de la Cruz; l\u00edder comunitaria y monse\u00f1or Jos\u00e9 Dolores\u00a0Grull\u00f3n, quien bendijo el proyecto.<\/p>\n\n\n\n<p>Fuente: Direcci\u00f3n de Prensa<\/p>\n\n\n\n<p>Presidencia de la Rep\u00fablica Dominicana<\/p>\n","protected":false},"excerpt":{"rendered":"<p>diariodominicano.com Azua, R. D., 1 de agosto, 2021.-\u00a0El presidente Luis\u00a0Abinader\u00a0dej\u00f3 inaugurada la primera comunidad\u00a0autosostenible, con sistema\u00a0solar del pa\u00eds, construida en la comunidad de Sabana Yegua Viejo bajo alianza p\u00fablico-privada. Con esta iniciativa el presidente&nbsp;Abinader&nbsp;sigue apostando por la energ\u00eda renovable como alternativa para mejorar las condiciones de vida de la gente y proteger el medio ambiente. [&hellip;]<\/p>\n","protected":false},"author":5,"featured_media":290202,"comment_status":"closed","ping_status":"","sticky":true,"template":"","format":"standard","meta":{"footnotes":""},"categories":[20,27],"tags":[],"class_list":["post-290201","post","type-post","status-publish","format-standard","has-post-thumbnail","hentry","category-dominicana-hoy","category-portada"],"_links":{"self":[{"href":"https:\/\/diariodominicano.com\/index.php?rest_route=\/wp\/v2\/posts\/290201","targetHints":{"allow":["GET"]}}],"collection":[{"href":"https:\/\/diariodominicano.com\/index.php?rest_route=\/wp\/v2\/posts"}],"about":[{"href":"https:\/\/diariodominicano.com\/index.php?rest_route=\/wp\/v2\/types\/post"}],"author":[{"embeddable":true,"href":"https:\/\/diariodominicano.com\/index.php?rest_route=\/wp\/v2\/users\/5"}],"replies":[{"embeddable":true,"href":"https:\/\/diariodominicano.com\/index.php?rest_route=%2Fwp%2Fv2%2Fcomments&post=290201"}],"version-history":[{"count":1,"href":"https:\/\/diariodominicano.com\/index.php?rest_route=\/wp\/v2\/posts\/290201\/revisions"}],"predecessor-version":[{"id":290203,"href":"https:\/\/diariodominicano.com\/index.php?rest_route=\/wp\/v2\/posts\/290201\/revisions\/290203"}],"wp:featuredmedia":[{"embeddable":true,"href":"https:\/\/diariodominicano.com\/index.php?rest_route=\/wp\/v2\/media\/290202"}],"wp:attachment":[{"href":"https:\/\/diariodominicano.com\/index.php?rest_route=%2Fwp%2Fv2%2Fmedia&parent=290201"}],"wp:term":[{"taxonomy":"category","embeddable":true,"href":"https:\/\/diariodominicano.com\/index.php?rest_route=%2Fwp%2Fv2%2Fcategories&post=290201"},{"taxonomy":"post_tag","embeddable":true,"href":"https:\/\/diariodominicano.com\/index.php?rest_route=%2Fwp%2Fv2%2Ftags&post=290201"}],"curies":[{"name":"wp","href":"https:\/\/api.w.org\/{rel}","templated":true}]}}