{"id":290196,"date":"2021-08-01T19:35:38","date_gmt":"2021-08-01T23:35:38","guid":{"rendered":"http:\/\/diariodominicano.com\/?p=290196"},"modified":"2021-08-01T19:35:54","modified_gmt":"2021-08-01T23:35:54","slug":"conani-certifica-organizaciones-que-trabajan-por-la-ninez-y-la-adolescencia","status":"publish","type":"post","link":"https:\/\/diariodominicano.com\/?p=290196","title":{"rendered":"CONANI certifica organizaciones que trabajan por la ni\u00f1ez y la adolescencia"},"content":{"rendered":"\n<p>diariodominicano.com<\/p>\n\n\n\n<p>Santo Domingo, R. D.,  1 de agosto, 2021 .- El Consejo Nacional para la Ni\u00f1ez y la Adolescencia (CONANI), entreg\u00f3 por primera vez certificaciones de habilitaci\u00f3n a organizaciones que trabajan a favor de ese importante segmento de la sociedad en b\u00fasqueda de superar los retos de mejorar la calidad de vida en los hogares, aumentar los niveles educativos de los formadores y fortalecer las capacidades administrativas de gesti\u00f3n.<\/p>\n\n\n\n<p>La presidenta ejecutiva del CONANI, Paula Disla, se\u00f1al\u00f3 que \u00abm\u00e1s que un certificado, la entidad quiere entregar un compromiso a mejorar la calidad de los programas que desarrollan cada una de las instituciones habilitadas\u00bb. La conformaci\u00f3n de la Comisi\u00f3n de Habilitaci\u00f3n es un requisito que establece la ley 122-05 sobre la creaci\u00f3n de asociaciones sin fines de lucro y que por vez primera se puso en funcionamiento en esta gesti\u00f3n que todas las ASFL pasaran por el cedazo de esa comisi\u00f3n.&nbsp;<\/p>\n\n\n\n<p>Indic\u00f3 que&nbsp;la Comisi\u00f3n Mixta&nbsp;de Habilitaci\u00f3n del CONANI&nbsp;tiene un gran reto por delante, asumiendo un compromiso de trabajo para fortalecer cada organizaci\u00f3n que trabaje con ni\u00f1os, ni\u00f1as y adolescentes; asimismo dijo que las sesenta y cuatro (64) ASFLs habilitadas cumplen con los requerimientos necesarios para operar, apegadas a la ley.<\/p>\n\n\n\n<p>Explic\u00f3 que dicha comisi\u00f3n procura que los espacios de crianza se fomenten en las mismas comunidades donde se encuentran las instituciones. Al tiempo que resalt\u00f3 el inter\u00e9s que tienen los comunitarios por acoger ni\u00f1os, ni\u00f1as, y adolescentes.&nbsp;Reconoci\u00f3 la gran labor que realizan las instituciones como parte del desaf\u00edo de trabajar&nbsp;en su protecci\u00f3n y cuidado, ayud\u00e1ndoles a reducir obst\u00e1culos sociales.<\/p>\n\n\n\n<div class=\"wp-block-image\"><figure class=\"alignleft size-large is-resized\"><img loading=\"lazy\" decoding=\"async\" src=\"https:\/\/diariodominicano.com\/wp-content\/uploads\/2021\/08\/CONANI-CERTIFICA1-8-21-1024x488.jpg\" alt=\"\" class=\"wp-image-290198\" width=\"323\" height=\"154\" srcset=\"https:\/\/diariodominicano.com\/wp-content\/uploads\/2021\/08\/CONANI-CERTIFICA1-8-21-1024x488.jpg 1024w, https:\/\/diariodominicano.com\/wp-content\/uploads\/2021\/08\/CONANI-CERTIFICA1-8-21-300x143.jpg 300w, https:\/\/diariodominicano.com\/wp-content\/uploads\/2021\/08\/CONANI-CERTIFICA1-8-21-768x366.jpg 768w, https:\/\/diariodominicano.com\/wp-content\/uploads\/2021\/08\/CONANI-CERTIFICA1-8-21-1536x731.jpg 1536w, https:\/\/diariodominicano.com\/wp-content\/uploads\/2021\/08\/CONANI-CERTIFICA1-8-21-2048x975.jpg 2048w, https:\/\/diariodominicano.com\/wp-content\/uploads\/2021\/08\/CONANI-CERTIFICA1-8-21-816x389.jpg 816w\" sizes=\"auto, (max-width: 323px) 100vw, 323px\" \/><\/figure><\/div>\n\n\n\n<p>Describi\u00f3 como retos del&nbsp;CONANI&nbsp;frente a las entidades habilitadas&nbsp;mejorar la calidad de los programas que desarrollan.<\/p>\n\n\n\n<p>\u201cQueremos que se honre el trabajo con la ni\u00f1ez y la adolescencia, que se vuelva a decir que tienen una atenci\u00f3n especializada con organizaciones que parten del altruismo, la filantrop\u00eda, del amor al pr\u00f3jimo, pero que tambi\u00e9n tienen claro el sentido t\u00e9cnico y program\u00e1tico que implica abordar las problem\u00e1ticas de los ni\u00f1os, ni\u00f1as y adolescentes\u201d, concluy\u00f3 Paula Disla.<\/p>\n\n\n\n<p>En tanto, Vielka Polanco, directora ejecutiva del Centro de Fomento y Promoci\u00f3n de las ASFL del Ministerio de Econom\u00eda, Planificaci\u00f3n y Desarrollo (MEPyD), felicit\u00f3 a la Comisi\u00f3n Mixta de Habilitaci\u00f3n y a la presidenta ejecutiva del CONANI por la gran labor que realiza y por la conformaci\u00f3n de la comisi\u00f3n, destacando el sentido democr\u00e1tico con que se realiz\u00f3 el proceso de habilitaci\u00f3n a las ASFL.<\/p>\n\n\n\n<p><br>De su lado la se\u00f1ora Denni Pichardo, directora de la ASFL \u201cCaminante\u201d, proyecto educativo que trabaja en los municipios de Boca Chica y San Pedro de Macor\u00eds, expres\u00f3 su alegr\u00eda y satisfacci\u00f3n de haber participado en la habilitaci\u00f3n. \u201cEstoy contenta porque creo que es la primera vez que nos vamos organizando, eso es lo que hac\u00eda falta, porque la ni\u00f1ez no es algo m\u00e1s, la ni\u00f1ez es hoy, ma\u00f1ana y siempre\u201d, apunt\u00f3.<\/p>\n\n\n\n<figure class=\"wp-block-table\"><table><tbody><tr><td>Fuente:  <strong>Luis Anibal Medrano<\/strong><\/td><\/tr><\/tbody><\/table><\/figure>\n","protected":false},"excerpt":{"rendered":"<p>diariodominicano.com Santo Domingo, R. D., 1 de agosto, 2021 .- El Consejo Nacional para la Ni\u00f1ez y la Adolescencia (CONANI), entreg\u00f3 por primera vez certificaciones de habilitaci\u00f3n a organizaciones que trabajan a favor de ese importante segmento de la sociedad en b\u00fasqueda de superar los retos de mejorar la calidad de vida en los hogares, [&hellip;]<\/p>\n","protected":false},"author":5,"featured_media":290197,"comment_status":"closed","ping_status":"","sticky":true,"template":"","format":"standard","meta":{"footnotes":""},"categories":[20,27],"tags":[],"class_list":["post-290196","post","type-post","status-publish","format-standard","has-post-thumbnail","hentry","category-dominicana-hoy","category-portada"],"_links":{"self":[{"href":"https:\/\/diariodominicano.com\/index.php?rest_route=\/wp\/v2\/posts\/290196","targetHints":{"allow":["GET"]}}],"collection":[{"href":"https:\/\/diariodominicano.com\/index.php?rest_route=\/wp\/v2\/posts"}],"about":[{"href":"https:\/\/diariodominicano.com\/index.php?rest_route=\/wp\/v2\/types\/post"}],"author":[{"embeddable":true,"href":"https:\/\/diariodominicano.com\/index.php?rest_route=\/wp\/v2\/users\/5"}],"replies":[{"embeddable":true,"href":"https:\/\/diariodominicano.com\/index.php?rest_route=%2Fwp%2Fv2%2Fcomments&post=290196"}],"version-history":[{"count":2,"href":"https:\/\/diariodominicano.com\/index.php?rest_route=\/wp\/v2\/posts\/290196\/revisions"}],"predecessor-version":[{"id":290200,"href":"https:\/\/diariodominicano.com\/index.php?rest_route=\/wp\/v2\/posts\/290196\/revisions\/290200"}],"wp:featuredmedia":[{"embeddable":true,"href":"https:\/\/diariodominicano.com\/index.php?rest_route=\/wp\/v2\/media\/290197"}],"wp:attachment":[{"href":"https:\/\/diariodominicano.com\/index.php?rest_route=%2Fwp%2Fv2%2Fmedia&parent=290196"}],"wp:term":[{"taxonomy":"category","embeddable":true,"href":"https:\/\/diariodominicano.com\/index.php?rest_route=%2Fwp%2Fv2%2Fcategories&post=290196"},{"taxonomy":"post_tag","embeddable":true,"href":"https:\/\/diariodominicano.com\/index.php?rest_route=%2Fwp%2Fv2%2Ftags&post=290196"}],"curies":[{"name":"wp","href":"https:\/\/api.w.org\/{rel}","templated":true}]}}