{"id":290191,"date":"2021-08-01T19:27:05","date_gmt":"2021-08-01T23:27:05","guid":{"rendered":"http:\/\/diariodominicano.com\/?p=290191"},"modified":"2021-08-01T19:27:05","modified_gmt":"2021-08-01T23:27:05","slug":"presidenta-electa-acroarte-confia-en-la-formacion-profesional-vital-para-el-desarrollo-del-arte-y-la-cultura-del-pais","status":"publish","type":"post","link":"https:\/\/diariodominicano.com\/?p=290191","title":{"rendered":"Presidenta electa ACROARTE conf\u00eda en la formaci\u00f3n profesional vital para el desarrollo del arte y la cultura del pa\u00eds"},"content":{"rendered":"\n<p>diariodominicano.com<\/p>\n\n\n\n<p><strong>Emelyn Baldera visita Rector ITLA Omar M\u00e9ndez Lluberes<\/strong><\/p>\n\n\n\n<p><br>Santo Domingo, R. D.,  1 de agosto, 2021.-  La periodista Emelyn Baldera, presidenta electa de la Asociaci\u00f3n de Cronistas de Arte (Acroarte) para el per\u00edodo 2021-2023, qui\u00e9n asumir\u00e1 pr\u00f3ximamente las riendas de nuevo de esa entidad sostuvo un encuentro con el Rector del Instituto Tecnol\u00f3gico de Las Am\u00e9ricas, ITLA, Omar M\u00e9ndez Lluberes con quien comparti\u00f3 impresiones sobre la tecnolog\u00eda en el \u00e1mbito cultural y otros temas de inter\u00e9s.<\/p>\n\n\n\n<p><br>Durante la visita de Baldera al rector Omar M\u00e9ndez, ambos conversaron de los cambios que han experimentado las nuevas herramientas tecnol\u00f3gicas al periodismo y la comunicaci\u00f3n, que sirven de empuje a la modernidad y a estar actualizados en el mundo globalizado.<\/p>\n\n\n\n<div class=\"wp-block-image\"><figure class=\"alignleft size-large is-resized\"><img loading=\"lazy\" decoding=\"async\" src=\"https:\/\/diariodominicano.com\/wp-content\/uploads\/2021\/08\/acroarte1-8-21-1-1024x738.jpg\" alt=\"\" class=\"wp-image-290194\" width=\"250\" height=\"180\" srcset=\"https:\/\/diariodominicano.com\/wp-content\/uploads\/2021\/08\/acroarte1-8-21-1-1024x738.jpg 1024w, https:\/\/diariodominicano.com\/wp-content\/uploads\/2021\/08\/acroarte1-8-21-1-300x216.jpg 300w, https:\/\/diariodominicano.com\/wp-content\/uploads\/2021\/08\/acroarte1-8-21-1-768x554.jpg 768w, https:\/\/diariodominicano.com\/wp-content\/uploads\/2021\/08\/acroarte1-8-21-1-1536x1107.jpg 1536w, https:\/\/diariodominicano.com\/wp-content\/uploads\/2021\/08\/acroarte1-8-21-1-2048x1476.jpg 2048w, https:\/\/diariodominicano.com\/wp-content\/uploads\/2021\/08\/acroarte1-8-21-1-816x588.jpg 816w\" sizes=\"auto, (max-width: 250px) 100vw, 250px\" \/><\/figure><\/div>\n\n\n\n<p><br>M\u00e9ndez Lluberes dijo que el ITLA dentro de poco retomar\u00e1 la ense\u00f1anza a trav\u00e9s de la reapertura de la escuela de cine instalada en el Parque Cibern\u00e9tico de Santo Domingo (PCSD) para contribuir con el desarrollo de la cinematograf\u00eda en la Rep\u00fablica Dominicana.<\/p>\n\n\n\n<p><br>De su lado, Emelyn Baldera se mostr\u00f3 interesada en que los profesionales del arte y la cultura dominicana tengan acceso y puedan ser parte de esa formaci\u00f3n de calidad, adem\u00e1s de otros cursos y diplomados que ofrece la academia.<\/p>\n\n\n\n<p><br>A la presidenta electa de ACROARTE, le acompa\u00f1aron los periodistas: Marino Ram\u00edrez, Asesor, Elvira Lora, Secretaria de Educaci\u00f3n y Cultura y Hansel Garc\u00eda, Secretario de Relaciones P\u00fablicas y Protocolo.<\/p>\n\n\n\n<p>Fuente:  Lic. Yolanda Tapia<br><strong>Encargada de\u00a0 Comunicaci<\/strong>\u00f3<strong>n Digital<\/strong>,<\/p>\n","protected":false},"excerpt":{"rendered":"<p>diariodominicano.com Emelyn Baldera visita Rector ITLA Omar M\u00e9ndez Lluberes Santo Domingo, R. D., 1 de agosto, 2021.- La periodista Emelyn Baldera, presidenta electa de la Asociaci\u00f3n de Cronistas de Arte (Acroarte) para el per\u00edodo 2021-2023, qui\u00e9n asumir\u00e1 pr\u00f3ximamente las riendas de nuevo de esa entidad sostuvo un encuentro con el Rector del Instituto Tecnol\u00f3gico de [&hellip;]<\/p>\n","protected":false},"author":5,"featured_media":290192,"comment_status":"closed","ping_status":"","sticky":true,"template":"","format":"standard","meta":{"footnotes":""},"categories":[25,27],"tags":[],"class_list":["post-290191","post","type-post","status-publish","format-standard","has-post-thumbnail","hentry","category-gente","category-portada"],"_links":{"self":[{"href":"https:\/\/diariodominicano.com\/index.php?rest_route=\/wp\/v2\/posts\/290191","targetHints":{"allow":["GET"]}}],"collection":[{"href":"https:\/\/diariodominicano.com\/index.php?rest_route=\/wp\/v2\/posts"}],"about":[{"href":"https:\/\/diariodominicano.com\/index.php?rest_route=\/wp\/v2\/types\/post"}],"author":[{"embeddable":true,"href":"https:\/\/diariodominicano.com\/index.php?rest_route=\/wp\/v2\/users\/5"}],"replies":[{"embeddable":true,"href":"https:\/\/diariodominicano.com\/index.php?rest_route=%2Fwp%2Fv2%2Fcomments&post=290191"}],"version-history":[{"count":1,"href":"https:\/\/diariodominicano.com\/index.php?rest_route=\/wp\/v2\/posts\/290191\/revisions"}],"predecessor-version":[{"id":290195,"href":"https:\/\/diariodominicano.com\/index.php?rest_route=\/wp\/v2\/posts\/290191\/revisions\/290195"}],"wp:featuredmedia":[{"embeddable":true,"href":"https:\/\/diariodominicano.com\/index.php?rest_route=\/wp\/v2\/media\/290192"}],"wp:attachment":[{"href":"https:\/\/diariodominicano.com\/index.php?rest_route=%2Fwp%2Fv2%2Fmedia&parent=290191"}],"wp:term":[{"taxonomy":"category","embeddable":true,"href":"https:\/\/diariodominicano.com\/index.php?rest_route=%2Fwp%2Fv2%2Fcategories&post=290191"},{"taxonomy":"post_tag","embeddable":true,"href":"https:\/\/diariodominicano.com\/index.php?rest_route=%2Fwp%2Fv2%2Ftags&post=290191"}],"curies":[{"name":"wp","href":"https:\/\/api.w.org\/{rel}","templated":true}]}}