{"id":290183,"date":"2021-08-01T18:59:21","date_gmt":"2021-08-01T22:59:21","guid":{"rendered":"http:\/\/diariodominicano.com\/?p=290183"},"modified":"2021-08-01T18:59:21","modified_gmt":"2021-08-01T22:59:21","slug":"ana-daisy-guerrero-ofrece-guardia-de-honor-a-johnny-ventura-en-funerales-de-despedida","status":"publish","type":"post","link":"https:\/\/diariodominicano.com\/?p=290183","title":{"rendered":"Ana Daisy Guerrero ofrece guardia de honor a Johnny Ventura en funerales de despedida"},"content":{"rendered":"\n<p>diariodominicano.com<\/p>\n\n\n\n<p>Santo Domingo, R. D., 1 de agosto, 2021.- La candidata a la presidencia del Colegio Dominicano de Periodistas (CDP), Ana Daisy Guerrero, rindi\u00f3 guardia de honor ante el f\u00e9retro del afamado artistita y locutor\u00a0Jhonny\u00a0Ventura, quien falleciera de un infarto fulminante el pasado mi\u00e9rcoles.<\/p>\n\n\n\n<p>La tambi\u00e9n presidenta del C\u00edrculo de Locutores Dominicanos (CLD) hizo la reverencia junto a miembros de esa instituci\u00f3n, en el marco del homenaje que le fuera rendido al tambi\u00e9n conocido como \u201cel hombre merengue\u201d este s\u00e1bado en el Palacio de los Deportes.<\/p>\n\n\n\n<p>La aspirante a dirigir el CDP a partir de agosto pr\u00f3ximo dijo que se honraba al dar el \u00faltimo adi\u00f3s al popular merenguero, cuya partida repentina llora todo el pueblo dominicano.<\/p>\n\n\n\n<p>\u201cJohnny Ventura es el merengue mismo de nuestro pa\u00eds, una figura destacada y apreciada en todo el mundo por la calidad humana que siempre le simboliz\u00f3, y por ser un exponente sin igual de nuestra m\u00fasica\u201d, expres\u00f3.<\/p>\n\n\n\n<p>Afirm\u00f3 que su lamentable deceso deja un gran vac\u00edo en el pueblo dominicano en tanto amaba su persona y trabajo art\u00edstico, raz\u00f3n por la que vivir\u00e1 en el coraz\u00f3n de los dominicanos por toda la vida.<\/p>\n\n\n\n<p>\u00abLa muerte de Johnny Ventura enl\u00fatese tambi\u00e9n al sector&nbsp;locutoril&nbsp;y hoy le decimos un hasta luego a quien tambi\u00e9n fue una de las primeras voces de la radiodifusi\u00f3n dominicana\u201d, dijo.<\/p>\n\n\n\n<p>Al ofrecer sus condolencias a los familiares afirm\u00f3 que el pa\u00eds se encuentra de luto&nbsp;por&nbsp;tan irreparable p\u00e9rdida.<\/p>\n\n\n\n<p>Guerrero aspira dirigir el CDP para lo que cuenta con el apoyo de los movimientos Dos Generaciones y Convergencia, as\u00ed como de cientos de periodistas diseminados en toda la geograf\u00eda nacional.&nbsp;<\/p>\n\n\n\n<p>En varios escenarios ha solicitado de las y los periodistas integrarse a su proyecto \u201cpara que juntos construyamos un nuevo CDP\u201d.<\/p>\n","protected":false},"excerpt":{"rendered":"<p>diariodominicano.com Santo Domingo, R. D., 1 de agosto, 2021.- La candidata a la presidencia del Colegio Dominicano de Periodistas (CDP), Ana Daisy Guerrero, rindi\u00f3 guardia de honor ante el f\u00e9retro del afamado artistita y locutor\u00a0Jhonny\u00a0Ventura, quien falleciera de un infarto fulminante el pasado mi\u00e9rcoles. La tambi\u00e9n presidenta del C\u00edrculo de Locutores Dominicanos (CLD) hizo la [&hellip;]<\/p>\n","protected":false},"author":5,"featured_media":290184,"comment_status":"closed","ping_status":"","sticky":true,"template":"","format":"standard","meta":{"footnotes":""},"categories":[25,27],"tags":[],"class_list":["post-290183","post","type-post","status-publish","format-standard","has-post-thumbnail","hentry","category-gente","category-portada"],"_links":{"self":[{"href":"https:\/\/diariodominicano.com\/index.php?rest_route=\/wp\/v2\/posts\/290183","targetHints":{"allow":["GET"]}}],"collection":[{"href":"https:\/\/diariodominicano.com\/index.php?rest_route=\/wp\/v2\/posts"}],"about":[{"href":"https:\/\/diariodominicano.com\/index.php?rest_route=\/wp\/v2\/types\/post"}],"author":[{"embeddable":true,"href":"https:\/\/diariodominicano.com\/index.php?rest_route=\/wp\/v2\/users\/5"}],"replies":[{"embeddable":true,"href":"https:\/\/diariodominicano.com\/index.php?rest_route=%2Fwp%2Fv2%2Fcomments&post=290183"}],"version-history":[{"count":1,"href":"https:\/\/diariodominicano.com\/index.php?rest_route=\/wp\/v2\/posts\/290183\/revisions"}],"predecessor-version":[{"id":290185,"href":"https:\/\/diariodominicano.com\/index.php?rest_route=\/wp\/v2\/posts\/290183\/revisions\/290185"}],"wp:featuredmedia":[{"embeddable":true,"href":"https:\/\/diariodominicano.com\/index.php?rest_route=\/wp\/v2\/media\/290184"}],"wp:attachment":[{"href":"https:\/\/diariodominicano.com\/index.php?rest_route=%2Fwp%2Fv2%2Fmedia&parent=290183"}],"wp:term":[{"taxonomy":"category","embeddable":true,"href":"https:\/\/diariodominicano.com\/index.php?rest_route=%2Fwp%2Fv2%2Fcategories&post=290183"},{"taxonomy":"post_tag","embeddable":true,"href":"https:\/\/diariodominicano.com\/index.php?rest_route=%2Fwp%2Fv2%2Ftags&post=290183"}],"curies":[{"name":"wp","href":"https:\/\/api.w.org\/{rel}","templated":true}]}}