{"id":290178,"date":"2021-08-01T18:39:40","date_gmt":"2021-08-01T22:39:40","guid":{"rendered":"http:\/\/diariodominicano.com\/?p=290178"},"modified":"2021-08-01T18:39:40","modified_gmt":"2021-08-01T22:39:40","slug":"se-inicia-el-5-de-agosto-el-juicio-de-fondo-a-quienes-lanzaron-acido-del-diablo-a-yocairi-amarante-2","status":"publish","type":"post","link":"https:\/\/diariodominicano.com\/?p=290178","title":{"rendered":"Se inicia el 5 de agosto el juicio de fondo a quienes lanzaron \u201c\u00e1cido del diablo\u201d a Yocairi Amarante"},"content":{"rendered":"\n<p>diariodominicano.com<\/p>\n\n\n\n<p><em><u>La Fiscal\u00eda del DN inform\u00f3 que el aplazamiento se debe a la&nbsp;no&nbsp;comparecencia de testigos a descargo<\/u><\/em><\/p>\n\n\n\n<p><strong>Santo Domingo, R. D., 1 de agosto, 2021.-\u00a0<\/strong>El Tercer Tribunal Colegiado del Distrito Nacional fij\u00f3 para el 5 de agosto la audiencia que dar\u00e1 inicio al juicio de fondo contra Willy Antonio Javier, Pedro Alexander Sosa M\u00e9ndez (Alex) y Joan Jos\u00e9 F\u00e9liz (Pinol), implicados en el ataque con \u201c\u00e1cido del diablo\u201d a Yocairi Amarante.<\/p>\n\n\n\n<p>La fiscal titular del Distrito Nacional, Rosalba Ramos, indic\u00f3 que dicha audiencia estaba fijada para el mi\u00e9rcoles 28 de julio pero se suspendi\u00f3 debido a la&nbsp;no&nbsp;comparecencia de testigos a descargo.<\/p>\n\n\n\n<p>En consecuencia, las juezas del Tercer Tribunal Colegiado, Arl\u00edn Ventura, Leticia Mart\u00ednez y Milagros Ram\u00edrez, aplazaron para el pr\u00f3ximo jueves 5 de agosto, a las 2:00 de la tarde.<\/p>\n\n\n\n<p>El juzgado orden\u00f3 que el Ministerio P\u00fablico ejecute conducencia de los testigos que&nbsp;no&nbsp;se presentaron.<\/p>\n\n\n\n<p>Ramos asegur\u00f3 que el Ministerio P\u00fablico tiene una acusaci\u00f3n con mucha fuerza, que permitir\u00e1 solicitar la pena m\u00e1xima contra los agresores de la joven.<\/p>\n\n\n\n<p>Seg\u00fan las indagatorias realizadas por el Departamento de Investigaci\u00f3n de Cr\u00edmenes y Delitos Contra las Personas de la Fiscal\u00eda del Distrito Nacional, Willy Antonio Javier, expareja de Yocairi Amarante, ofreci\u00f3 RD$25,000 a Pedro Alexander Sosa M\u00e9ndez y pag\u00f3 un adelanto de RD$3,500 para que perpetraran el ataque con \u201c\u00e1cido del diablo\u201d, una mezcla de sustancias corrosivas que queman la piel y el tejido.<\/p>\n\n\n\n<p>El documento acusatorio se sustenta en pruebas documentales, testimoniales, materiales, periciales e ilustrativas y detalla que el crimen sucedi\u00f3 el pasado 25 de septiembre de 2020, mientras la v\u00edctima se desplazaba por el Ensanche Luper\u00f3n en el asiento delantero de un carro p\u00fablico, tras salir de su trabajo.<\/p>\n\n\n\n<p>Sosa M\u00e9ndez la sigui\u00f3 a bordo de una motocicleta, junto a Joan Jos\u00e9 F\u00e9liz, y se acerc\u00f3 al auto para que este \u00faltimo le lanzara la sustancia al rostro.<\/p>\n\n\n\n<p>El \u00f3rgano acusador record\u00f3 que, a causa de la agresi\u00f3n, la joven result\u00f3 con quemaduras graves en diferentes partes del cuerpo, por lo cual fue sometida a varias cirug\u00edas; tambi\u00e9n el conductor del carro p\u00fablico present\u00f3 quemaduras m\u00faltiples en brazo, costado y pierna derecha.<\/p>\n\n\n\n<p>Estos actos, seg\u00fan el Ministerio P\u00fablico, est\u00e1n tipificados como asociaci\u00f3n de malhechores, actos de tortura o barbarie, violencia contra la mujer, heridas y golpes voluntarios, delitos previstos y sancionados en los art\u00edculos 265, 266, 303, 303-4, numerales 7 y 10, 309 y 309-1 del C\u00f3digo Penal Dominicano.<\/p>\n\n\n\n<p>Los imputados cumplen prisi\u00f3n preventiva en la c\u00e1rcel p\u00fablica 15 de Azua.<\/p>\n\n\n\n<p>Fuente:  <strong>Direcci\u00f3n de Comunicaci\u00f3n y Prensa<\/strong><\/p>\n\n\n\n<p><strong>Procuradur\u00eda General-Ministerio P\u00fablico RD<\/strong><\/p>\n\n\n\n<p><strong>Viernes, 30 de julio de 2021<\/strong><\/p>\n\n\n\n<p><strong>Direcci\u00f3n General de Comunicaciones, Prensa y Relaciones P\u00fablicas<\/strong><\/p>\n\n\n\n<p>Procuradur\u00eda General de la Rep\u00fablica Dominicana<\/p>\n","protected":false},"excerpt":{"rendered":"<p>diariodominicano.com La Fiscal\u00eda del DN inform\u00f3 que el aplazamiento se debe a la&nbsp;no&nbsp;comparecencia de testigos a descargo Santo Domingo, R. D., 1 de agosto, 2021.-\u00a0El Tercer Tribunal Colegiado del Distrito Nacional fij\u00f3 para el 5 de agosto la audiencia que dar\u00e1 inicio al juicio de fondo contra Willy Antonio Javier, Pedro Alexander Sosa M\u00e9ndez (Alex) [&hellip;]<\/p>\n","protected":false},"author":5,"featured_media":283908,"comment_status":"closed","ping_status":"","sticky":true,"template":"","format":"standard","meta":{"footnotes":""},"categories":[24,27],"tags":[],"class_list":["post-290178","post","type-post","status-publish","format-standard","has-post-thumbnail","hentry","category-justicia-y-derecho","category-portada"],"_links":{"self":[{"href":"https:\/\/diariodominicano.com\/index.php?rest_route=\/wp\/v2\/posts\/290178","targetHints":{"allow":["GET"]}}],"collection":[{"href":"https:\/\/diariodominicano.com\/index.php?rest_route=\/wp\/v2\/posts"}],"about":[{"href":"https:\/\/diariodominicano.com\/index.php?rest_route=\/wp\/v2\/types\/post"}],"author":[{"embeddable":true,"href":"https:\/\/diariodominicano.com\/index.php?rest_route=\/wp\/v2\/users\/5"}],"replies":[{"embeddable":true,"href":"https:\/\/diariodominicano.com\/index.php?rest_route=%2Fwp%2Fv2%2Fcomments&post=290178"}],"version-history":[{"count":1,"href":"https:\/\/diariodominicano.com\/index.php?rest_route=\/wp\/v2\/posts\/290178\/revisions"}],"predecessor-version":[{"id":290179,"href":"https:\/\/diariodominicano.com\/index.php?rest_route=\/wp\/v2\/posts\/290178\/revisions\/290179"}],"wp:featuredmedia":[{"embeddable":true,"href":"https:\/\/diariodominicano.com\/index.php?rest_route=\/wp\/v2\/media\/283908"}],"wp:attachment":[{"href":"https:\/\/diariodominicano.com\/index.php?rest_route=%2Fwp%2Fv2%2Fmedia&parent=290178"}],"wp:term":[{"taxonomy":"category","embeddable":true,"href":"https:\/\/diariodominicano.com\/index.php?rest_route=%2Fwp%2Fv2%2Fcategories&post=290178"},{"taxonomy":"post_tag","embeddable":true,"href":"https:\/\/diariodominicano.com\/index.php?rest_route=%2Fwp%2Fv2%2Ftags&post=290178"}],"curies":[{"name":"wp","href":"https:\/\/api.w.org\/{rel}","templated":true}]}}