{"id":290173,"date":"2021-08-01T18:23:34","date_gmt":"2021-08-01T22:23:34","guid":{"rendered":"http:\/\/diariodominicano.com\/?p=290173"},"modified":"2021-08-01T18:25:23","modified_gmt":"2021-08-01T22:25:23","slug":"israel-aplica-refuerzo-de-vacuna-contra-covid-19-a-mayores-de-60-anos","status":"publish","type":"post","link":"https:\/\/diariodominicano.com\/?p=290173","title":{"rendered":"Israel aplica tercera dosis   de vacuna contra COVID-19 a mayores de 60 a\u00f1os"},"content":{"rendered":"\n<p>diariodominicano.com<a rel=\"noreferrer noopener\" href=\"http:\/\/home.xinhua-news.com\/gdsdetailxhs\/share\/9764403-?pageflag=iframe\" target=\"_blank\"><\/a><\/p>\n\n\n\n<pre id=\"text-news-description\" class=\"wp-block-preformatted\">   JERUSAL\u00c9N, 1 ago (Xinhua) -- Israel emprendi\u00f3 hoy una campa\u00f1a para aplicar una tercera dosis como refuerzo de la vacuna contra el coronavirus de Pfizer a los mayores de 60 a\u00f1os que recibieron la segunda dosis hace al menos cinco meses.\n   Los cuatro fondos de servicios de salud con mandato estatal de Israel reportaron una alta tasa de asistencia el primer d\u00eda de aplicaci\u00f3n. Alrededor de 38.000 personas fueron vacunadas el primer d\u00eda y otras 219.000 han hecho cita para recibir la inyecci\u00f3n en los pr\u00f3ximos d\u00edas, dijeron los fondos.\n   Los directores de los fondos de salud dijeron al primer ministro israel\u00ed, Naftali Bennett, y al ministro de Salud, Nitzan Horowitz, que se report\u00f3 una creciente demanda en todo el pa\u00eds, se indic\u00f3 en una declaraci\u00f3n emitida por la oficina del primer ministro.\n   Bennett exhort\u00f3 a las personas elegibles para recibir los refuerzos \"vacunarse de inmediato\" y dijo que el objetivo es que todos los mayores de 60 a\u00f1os se hayan vacunado para fines de agosto, a\u00f1adi\u00f3 la declaraci\u00f3n.\n   El ej\u00e9rcito reforz\u00f3 los fondos de salud con personal y apoy\u00f3 sus preparativos, indic\u00f3 el Ministerio de Defensa en una declaraci\u00f3n.\n   Israel emprendi\u00f3 la campa\u00f1a, aunque las autoridades de salud de Estados Unidos y la Uni\u00f3n Europea a\u00fan no han aprobado la tercera dosis de refuerzo.\n   El pa\u00eds report\u00f3 1.974 nuevos casos, lo que elev\u00f3 el total de contagios en Israel a 875.801, se\u00f1al\u00f3 hoy el Ministerio de Salud.\n   Despu\u00e9s de que 1.869 personas se recuperaron del virus en Israel, el total de recuperados aument\u00f3 a 850.950, mientras que el n\u00famero de casos activos subi\u00f3 a 18.374, la cifra m\u00e1s alta desde el 20 de marzo.\n   El n\u00famero de personas que ha recibido la primera dosis de la vacuna de Pfizer en Israel asciende a 5,79 millones, o 62,1 por ciento de su poblaci\u00f3n total, y cerca de 5,38 millones han recibido la segunda dosis. <\/pre>\n","protected":false},"excerpt":{"rendered":"<p>diariodominicano.com JERUSAL\u00c9N, 1 ago (Xinhua) &#8212; Israel emprendi\u00f3 hoy una campa\u00f1a para aplicar una tercera dosis como refuerzo de la vacuna contra el coronavirus de Pfizer a los mayores de 60 a\u00f1os que recibieron la segunda dosis hace al menos cinco meses. Los cuatro fondos de servicios de salud con mandato estatal de Israel reportaron [&hellip;]<\/p>\n","protected":false},"author":5,"featured_media":290174,"comment_status":"closed","ping_status":"","sticky":true,"template":"","format":"standard","meta":{"footnotes":""},"categories":[23,27],"tags":[],"class_list":["post-290173","post","type-post","status-publish","format-standard","has-post-thumbnail","hentry","category-internacional","category-portada"],"_links":{"self":[{"href":"https:\/\/diariodominicano.com\/index.php?rest_route=\/wp\/v2\/posts\/290173","targetHints":{"allow":["GET"]}}],"collection":[{"href":"https:\/\/diariodominicano.com\/index.php?rest_route=\/wp\/v2\/posts"}],"about":[{"href":"https:\/\/diariodominicano.com\/index.php?rest_route=\/wp\/v2\/types\/post"}],"author":[{"embeddable":true,"href":"https:\/\/diariodominicano.com\/index.php?rest_route=\/wp\/v2\/users\/5"}],"replies":[{"embeddable":true,"href":"https:\/\/diariodominicano.com\/index.php?rest_route=%2Fwp%2Fv2%2Fcomments&post=290173"}],"version-history":[{"count":2,"href":"https:\/\/diariodominicano.com\/index.php?rest_route=\/wp\/v2\/posts\/290173\/revisions"}],"predecessor-version":[{"id":290177,"href":"https:\/\/diariodominicano.com\/index.php?rest_route=\/wp\/v2\/posts\/290173\/revisions\/290177"}],"wp:featuredmedia":[{"embeddable":true,"href":"https:\/\/diariodominicano.com\/index.php?rest_route=\/wp\/v2\/media\/290174"}],"wp:attachment":[{"href":"https:\/\/diariodominicano.com\/index.php?rest_route=%2Fwp%2Fv2%2Fmedia&parent=290173"}],"wp:term":[{"taxonomy":"category","embeddable":true,"href":"https:\/\/diariodominicano.com\/index.php?rest_route=%2Fwp%2Fv2%2Fcategories&post=290173"},{"taxonomy":"post_tag","embeddable":true,"href":"https:\/\/diariodominicano.com\/index.php?rest_route=%2Fwp%2Fv2%2Ftags&post=290173"}],"curies":[{"name":"wp","href":"https:\/\/api.w.org\/{rel}","templated":true}]}}