{"id":290165,"date":"2021-08-01T17:35:24","date_gmt":"2021-08-01T21:35:24","guid":{"rendered":"http:\/\/diariodominicano.com\/?p=290165"},"modified":"2021-08-01T17:35:24","modified_gmt":"2021-08-01T21:35:24","slug":"incendio-forestal-deja-16-heridos-en-region-griega-de-acaya","status":"publish","type":"post","link":"https:\/\/diariodominicano.com\/?p=290165","title":{"rendered":"Incendio forestal deja 16 heridos en regi\u00f3n griega de Acaya"},"content":{"rendered":"\n<h3 class=\"wp-block-heading\">diariodominicano.com<a rel=\"noreferrer noopener\" href=\"http:\/\/home.xinhua-news.com\/gdsdetailxhs\/share\/9763533-?pageflag=iframe\" target=\"_blank\"><\/a><\/h3>\n\n\n\n<pre id=\"text-news-description\" class=\"wp-block-preformatted\">   ATENAS, 1 ago (Xinhua) -- Diecis\u00e9is personas resultaron heridas y decenas de casas incendiadas a causa de un incendio forestal ocurrido hoy domingo en la regi\u00f3n griega de Acaya.\n   El incendio, que estall\u00f3 el s\u00e1bado por la tarde cerca de Patras, ubicado al oeste de la capital Atenas, se extendi\u00f3 r\u00e1pidamente debido a los fuertes vientos y lleg\u00f3 a las zonas costeras en unas cuantas horas. Los heridos fueron trasladados a hospitales por problemas respiratorios. A las personas de las aldeas cercanas se les pidi\u00f3 que evacuaran la zona.\n   Un total de 290 bomberos y 77 camiones, asistidos por ocho aviones y helic\u00f3pteros, fueron enviados para extinguir el fuego, dijo el Servicio de Bomberos.\n   Cincuenta y seis incendios forestales hab\u00edan estallado en Grecia el viernes y s\u00e1bado, impulsados por una combinaci\u00f3n de clima seco, una ola de calor y fuertes vientos. La mayor\u00eda de los incendios fueron apagados r\u00e1pidamente, dijo el ministro de Protecci\u00f3n Ciudadana, Michalis Chrysochoidis.\n   Las autoridades advirtieron que la ola de calor que actualmente azota a Grecia podr\u00eda provocar incendios forestales en todo el pa\u00eds. Los meteor\u00f3logos prev\u00e9n que la ola de calor alcance su punto m\u00e1ximo el lunes, con temperaturas que oscilen entre los 42 y los 46 grados Celsius, y podr\u00eda durar al menos hasta el viernes. Fin<\/pre>\n\n\n\n<p><\/p>\n","protected":false},"excerpt":{"rendered":"<p>diariodominicano.com ATENAS, 1 ago (Xinhua) &#8212; Diecis\u00e9is personas resultaron heridas y decenas de casas incendiadas a causa de un incendio forestal ocurrido hoy domingo en la regi\u00f3n griega de Acaya. El incendio, que estall\u00f3 el s\u00e1bado por la tarde cerca de Patras, ubicado al oeste de la capital Atenas, se extendi\u00f3 r\u00e1pidamente debido a los [&hellip;]<\/p>\n","protected":false},"author":5,"featured_media":290166,"comment_status":"closed","ping_status":"","sticky":true,"template":"","format":"standard","meta":{"footnotes":""},"categories":[23,27],"tags":[],"class_list":["post-290165","post","type-post","status-publish","format-standard","has-post-thumbnail","hentry","category-internacional","category-portada"],"_links":{"self":[{"href":"https:\/\/diariodominicano.com\/index.php?rest_route=\/wp\/v2\/posts\/290165","targetHints":{"allow":["GET"]}}],"collection":[{"href":"https:\/\/diariodominicano.com\/index.php?rest_route=\/wp\/v2\/posts"}],"about":[{"href":"https:\/\/diariodominicano.com\/index.php?rest_route=\/wp\/v2\/types\/post"}],"author":[{"embeddable":true,"href":"https:\/\/diariodominicano.com\/index.php?rest_route=\/wp\/v2\/users\/5"}],"replies":[{"embeddable":true,"href":"https:\/\/diariodominicano.com\/index.php?rest_route=%2Fwp%2Fv2%2Fcomments&post=290165"}],"version-history":[{"count":1,"href":"https:\/\/diariodominicano.com\/index.php?rest_route=\/wp\/v2\/posts\/290165\/revisions"}],"predecessor-version":[{"id":290167,"href":"https:\/\/diariodominicano.com\/index.php?rest_route=\/wp\/v2\/posts\/290165\/revisions\/290167"}],"wp:featuredmedia":[{"embeddable":true,"href":"https:\/\/diariodominicano.com\/index.php?rest_route=\/wp\/v2\/media\/290166"}],"wp:attachment":[{"href":"https:\/\/diariodominicano.com\/index.php?rest_route=%2Fwp%2Fv2%2Fmedia&parent=290165"}],"wp:term":[{"taxonomy":"category","embeddable":true,"href":"https:\/\/diariodominicano.com\/index.php?rest_route=%2Fwp%2Fv2%2Fcategories&post=290165"},{"taxonomy":"post_tag","embeddable":true,"href":"https:\/\/diariodominicano.com\/index.php?rest_route=%2Fwp%2Fv2%2Ftags&post=290165"}],"curies":[{"name":"wp","href":"https:\/\/api.w.org\/{rel}","templated":true}]}}