{"id":290156,"date":"2021-08-01T16:58:55","date_gmt":"2021-08-01T20:58:55","guid":{"rendered":"http:\/\/diariodominicano.com\/?p=290156"},"modified":"2021-08-01T16:58:55","modified_gmt":"2021-08-01T20:58:55","slug":"myanmar-forma-gobierno-provisional-y-anuncia-elecciones-generales-para-segunda-mitad-de-2023","status":"publish","type":"post","link":"https:\/\/diariodominicano.com\/?p=290156","title":{"rendered":"Myanmar forma Gobierno provisional y anuncia elecciones generales para segunda mitad de 2023"},"content":{"rendered":"\n<p>diariodominicano.com<a rel=\"noreferrer noopener\" href=\"http:\/\/home.xinhua-news.com\/gdsdetailxhs\/share\/9761622-?pageflag=iframe\" target=\"_blank\"><\/a><\/p>\n\n\n\n<pre id=\"text-news-description\" class=\"wp-block-preformatted\">   YANG\u00d3N, 1 ago (Xinhua) -- Un Gobierno provisional de la Rep\u00fablica de la Uni\u00f3n de Myanmar se form\u00f3 este domingo de acuerdo con una orden del Consejo Administrativo del Estado.\n   Seg\u00fan la misma, el Gobierno provisional estar\u00e1 dirigido por el comandante en jefe de los Servicios de Defensa, el general Min Aung Hlaing, presidente del citado consejo, como primer ministro, y Soe Win, como viceprimer ministro.\n   El Gobierno provisional est\u00e1 compuesto por los ministros de la Uni\u00f3n, el fiscal general de la Uni\u00f3n y el secretario permanente de oficina del Gobierno provisional.\n   Desde el 1 de febrero, el poder del Estado est\u00e1 en manos de Min Aung Hlaing tras la declaraci\u00f3n del estado de emergencia en Myanmar.\n   Min Aung Hlaing, en su mensaje televisado del domingo, dijo que Myanmar espera celebrar nuevas elecciones generales en la segunda mitad de 2023.\n   \"La Constituci\u00f3n establece un l\u00edmite al per\u00edodo del estado de emergencia. De acuerdo con el inciso (b) de la Secci\u00f3n 421, si no se puede cumplir con las obligaciones dentro de un a\u00f1o de dicho estado, se permiten dos extensiones de la duraci\u00f3n prescrita por un plazo de seis meses de cada pr\u00f3rroga. Mientras tanto, tenemos que hacer lo que se debe hacer. Luego, ocuparemos seis meses antes de agosto de 2023 para preparar los comicios de acuerdo con la ley\", dijo.\n   Min Aung Hlaing tambi\u00e9n se comprometi\u00f3 a celebrar unas elecciones generales pluripartidistas sin falta, y destac\u00f3 la necesidad de crear las condiciones para llevar adelante los comicios pluripartidistas libres y justos.\n   La Comisi\u00f3n Electoral de la Uni\u00f3n cancel\u00f3 el 27 de julio los resultados de los anteriores comicios generales multipartidistas celebrados el 8 de noviembre del a\u00f1o pasado, argumentando que las votaciones no se llevaron a cabo de acuerdo con la ley y no fueron justas\n   La Liga Nacional para la Democracia gan\u00f3 la mayor\u00eda de esca\u00f1os en ambas c\u00e1maras del Parlamento de la Uni\u00f3n en esos comicios.\n   \"Realizaremos reuniones informativas sobre los resultados de las elecciones generales anteriores a los delegados internacionales en un futuro pr\u00f3ximo\", dijo al respecto Min Aung Haling.\n   Tambi\u00e9n se comprometi\u00f3 a trabajar con la Asociaci\u00f3n de Naciones del Sudeste Asi\u00e1tico.<\/pre>\n","protected":false},"excerpt":{"rendered":"<p>diariodominicano.com YANG\u00d3N, 1 ago (Xinhua) &#8212; Un Gobierno provisional de la Rep\u00fablica de la Uni\u00f3n de Myanmar se form\u00f3 este domingo de acuerdo con una orden del Consejo Administrativo del Estado. Seg\u00fan la misma, el Gobierno provisional estar\u00e1 dirigido por el comandante en jefe de los Servicios de Defensa, el general Min Aung Hlaing, presidente [&hellip;]<\/p>\n","protected":false},"author":5,"featured_media":290157,"comment_status":"closed","ping_status":"","sticky":true,"template":"","format":"standard","meta":{"footnotes":""},"categories":[23,27],"tags":[],"class_list":["post-290156","post","type-post","status-publish","format-standard","has-post-thumbnail","hentry","category-internacional","category-portada"],"_links":{"self":[{"href":"https:\/\/diariodominicano.com\/index.php?rest_route=\/wp\/v2\/posts\/290156","targetHints":{"allow":["GET"]}}],"collection":[{"href":"https:\/\/diariodominicano.com\/index.php?rest_route=\/wp\/v2\/posts"}],"about":[{"href":"https:\/\/diariodominicano.com\/index.php?rest_route=\/wp\/v2\/types\/post"}],"author":[{"embeddable":true,"href":"https:\/\/diariodominicano.com\/index.php?rest_route=\/wp\/v2\/users\/5"}],"replies":[{"embeddable":true,"href":"https:\/\/diariodominicano.com\/index.php?rest_route=%2Fwp%2Fv2%2Fcomments&post=290156"}],"version-history":[{"count":1,"href":"https:\/\/diariodominicano.com\/index.php?rest_route=\/wp\/v2\/posts\/290156\/revisions"}],"predecessor-version":[{"id":290158,"href":"https:\/\/diariodominicano.com\/index.php?rest_route=\/wp\/v2\/posts\/290156\/revisions\/290158"}],"wp:featuredmedia":[{"embeddable":true,"href":"https:\/\/diariodominicano.com\/index.php?rest_route=\/wp\/v2\/media\/290157"}],"wp:attachment":[{"href":"https:\/\/diariodominicano.com\/index.php?rest_route=%2Fwp%2Fv2%2Fmedia&parent=290156"}],"wp:term":[{"taxonomy":"category","embeddable":true,"href":"https:\/\/diariodominicano.com\/index.php?rest_route=%2Fwp%2Fv2%2Fcategories&post=290156"},{"taxonomy":"post_tag","embeddable":true,"href":"https:\/\/diariodominicano.com\/index.php?rest_route=%2Fwp%2Fv2%2Ftags&post=290156"}],"curies":[{"name":"wp","href":"https:\/\/api.w.org\/{rel}","templated":true}]}}