{"id":290066,"date":"2021-08-01T10:45:38","date_gmt":"2021-08-01T14:45:38","guid":{"rendered":"http:\/\/diariodominicano.com\/?p=290066"},"modified":"2021-08-01T10:46:23","modified_gmt":"2021-08-01T14:46:23","slug":"abasaca-dara-apertura-este-lunes-a-las-inscripciones-del-torneo-de-basket-intermedio-2021-de-santiago","status":"publish","type":"post","link":"https:\/\/diariodominicano.com\/?p=290066","title":{"rendered":"ABASACA dar\u00e1 apertura este lunes a las inscripciones del torneo de Basket Intermedio 2021 de Santiago"},"content":{"rendered":"\n<p><strong>Prensa ABASACA<\/strong><\/p>\n\n\n\n<p><strong>Santiago.-<\/strong>La Asociaci\u00f3n de Baloncesto de Santiago de los Caballeros tiene previsto finalizar este fin de semana los torneos Minibasket femenino y masculino e inmediatamente ha convocado a sus clubes y ligas afiliados al inicio de las inscripciones con miras al venidero torneo de Baloncesto Intermedio correspondiente al presente a\u00f1o 2021.<\/p>\n\n\n\n<p>Las inscripciones est\u00e1n programadas para iniciar a partir de las 9:00 de la ma\u00f1ana de este lunes 2 del mes de agosto en las oficinas de la ABASACA, las mismas tendr\u00e1n una duraci\u00f3n de aproximadamente de tres semanas, concluyendo el viernes 20 del mismo mes, donde se espera una masiva participaciones de las entidades afiliadas a esa prestigiosa Asociaci\u00f3n.<\/p>\n\n\n\n<p>La informaci\u00f3n fue dada a conocer por el principal ejecutivo de la instituci\u00f3n Jos\u00e9 Lu\u00eds Aracena, quien indic\u00f3 que la celebraci\u00f3n de este evento forma parte de un amplio y ambicioso calendario de evento que tiene programado esa instituci\u00f3n en los que resta de a\u00f1o, ya que est\u00e1n en carpeta para el presente a\u00f1os otros valiosos e importantes eventos organizados por la instituci\u00f3n que \u00e9l preside.<\/p>\n\n\n\n<p>Los requisitos para los atletas aspirantes a participar en el evento son, haber nacidos en los a\u00f1os 2007 y 2008, copia de las actas de nacimientos, fotos 2&#215;2 y estar registrados en alg\u00fan centro educativo en la actualidad, la justa que es organizada por la ABASACA cuenta con el Aval y respaldo de la Federaci\u00f3n Dominicana de Baloncesto (FEDOMBAL) y Banreservas.<\/p>\n\n\n\n<p><\/p>\n","protected":false},"excerpt":{"rendered":"<p>Prensa ABASACA Santiago.-La Asociaci\u00f3n de Baloncesto de Santiago de los Caballeros tiene previsto finalizar este fin de semana los torneos Minibasket femenino y masculino e inmediatamente ha convocado a sus clubes y ligas afiliados al inicio de las inscripciones con miras al venidero torneo de Baloncesto Intermedio correspondiente al presente a\u00f1o 2021. Las inscripciones est\u00e1n [&hellip;]<\/p>\n","protected":false},"author":7,"featured_media":290093,"comment_status":"closed","ping_status":"","sticky":true,"template":"","format":"standard","meta":{"footnotes":""},"categories":[17,27],"tags":[],"class_list":["post-290066","post","type-post","status-publish","format-standard","has-post-thumbnail","hentry","category-deportes","category-portada"],"_links":{"self":[{"href":"https:\/\/diariodominicano.com\/index.php?rest_route=\/wp\/v2\/posts\/290066","targetHints":{"allow":["GET"]}}],"collection":[{"href":"https:\/\/diariodominicano.com\/index.php?rest_route=\/wp\/v2\/posts"}],"about":[{"href":"https:\/\/diariodominicano.com\/index.php?rest_route=\/wp\/v2\/types\/post"}],"author":[{"embeddable":true,"href":"https:\/\/diariodominicano.com\/index.php?rest_route=\/wp\/v2\/users\/7"}],"replies":[{"embeddable":true,"href":"https:\/\/diariodominicano.com\/index.php?rest_route=%2Fwp%2Fv2%2Fcomments&post=290066"}],"version-history":[{"count":1,"href":"https:\/\/diariodominicano.com\/index.php?rest_route=\/wp\/v2\/posts\/290066\/revisions"}],"predecessor-version":[{"id":290104,"href":"https:\/\/diariodominicano.com\/index.php?rest_route=\/wp\/v2\/posts\/290066\/revisions\/290104"}],"wp:featuredmedia":[{"embeddable":true,"href":"https:\/\/diariodominicano.com\/index.php?rest_route=\/wp\/v2\/media\/290093"}],"wp:attachment":[{"href":"https:\/\/diariodominicano.com\/index.php?rest_route=%2Fwp%2Fv2%2Fmedia&parent=290066"}],"wp:term":[{"taxonomy":"category","embeddable":true,"href":"https:\/\/diariodominicano.com\/index.php?rest_route=%2Fwp%2Fv2%2Fcategories&post=290066"},{"taxonomy":"post_tag","embeddable":true,"href":"https:\/\/diariodominicano.com\/index.php?rest_route=%2Fwp%2Fv2%2Ftags&post=290066"}],"curies":[{"name":"wp","href":"https:\/\/api.w.org\/{rel}","templated":true}]}}