{"id":290026,"date":"2021-07-31T19:09:11","date_gmt":"2021-07-31T23:09:11","guid":{"rendered":"http:\/\/diariodominicano.com\/?p=290026"},"modified":"2021-07-31T19:09:11","modified_gmt":"2021-07-31T23:09:11","slug":"republica-dominicana-despide-a-johnny-ventura-el-caballo-mayor","status":"publish","type":"post","link":"https:\/\/diariodominicano.com\/?p=290026","title":{"rendered":"Rep\u00fablica Dominicana despide a Johnny Ventura, el Caballo Mayor"},"content":{"rendered":"\n<p>diariodominicano.com<\/p>\n\n\n\n<p>Santo Domingo, 31 jul (Prensa Latina) Rep\u00fablica Dominicana despidi\u00f3 hoy en esta capital y con grandes muestras de dolor, al destacado artista Johnny Ventura, el llamado Caballo Mayor, fallecido el pasado mi\u00e9rcoles a los 81 a\u00f1os.<\/p>\n\n\n\n<div class=\"wp-block-image\"><figure class=\"alignleft size-large is-resized\"><img loading=\"lazy\" decoding=\"async\" src=\"https:\/\/diariodominicano.com\/wp-content\/uploads\/2021\/07\/despedidaVentura31-7-21.jpeg\" alt=\"\" class=\"wp-image-290028\" width=\"277\" height=\"130\" srcset=\"https:\/\/diariodominicano.com\/wp-content\/uploads\/2021\/07\/despedidaVentura31-7-21.jpeg 680w, https:\/\/diariodominicano.com\/wp-content\/uploads\/2021\/07\/despedidaVentura31-7-21-300x142.jpeg 300w\" sizes=\"auto, (max-width: 277px) 100vw, 277px\" \/><\/figure><\/div>\n\n\n\n<p><br>Los restos del afamado merenguero fueron velados desde la ma\u00f1ana de este s\u00e1bado en el c\u00e9ntrico Palacio de los Deportes de Santo Domingo, posteriormente y previo a su sepultura en el cementerio Cristo Redentor, el cortejo f\u00fanebre llev\u00f3 a cabo un recorrido por el sector de Villa Juana, lugar donde naci\u00f3.<\/p>\n\n\n\n<p>El presidente dominicano, Luis Abinader, quien junto a su esposa acudi\u00f3 al centro deportivo a dar su \u00faltima despedida al querido m\u00fasico expres\u00f3 que &#8216;el pa\u00eds no estaba preparado para la partida de don Johnny Ventura, por eso han sido verdaderos d\u00edas de luto y dolor para el pueblo y la clase art\u00edstica nacional e internacional&#8217;.<\/p>\n\n\n\n<p>Lo hemos llorado porque lo quer\u00edamos y le agradecemos la alegr\u00eda que dio a su pueblo, agreg\u00f3.<\/p>\n\n\n\n<p>Johnny era bueno en todo, dijo, vamos a seguir su legado, paz a sus restos y siempre le recordaremos con sonrisa y alegr\u00eda de las que nos dej\u00f3, el pueblo dominicano siempre te recordar\u00e1 y siempre continuar\u00e1 tus pasos.<\/p>\n\n\n\n<p>En el lugar de la despedida popular estuvieron presentes el cantante puertorrique\u00f1o Gilberto Santa Rosa, el arube\u00f1o Robert Jandor, el haitiano F\u00e9lix Cumb\u00e9 y los dominicanos Ram\u00f3n Orlando, Pe\u00f1a Suazo, Kinito M\u00e9ndez, Manny Cruz, Bonny Cepeda, Jossie Esteban, Miriam Cruz, Michel y Manny Cruz.<\/p>\n\n\n\n<p>Los funerales en el mencionado lugar concluyeron con un popurr\u00ed de canciones de Ventura interpretado por uno de sus hijos, Jandy Ventura, quien asegur\u00f3 que su padre &#8216;no va a morir&#8217;.<\/p>\n\n\n\n<p>El Caballo, cantante, autor, locutor, pol\u00edtico, abogado y empresario, grab\u00f3 106 discos durante su 65 a\u00f1os de fruct\u00edfera y multipremiada carrera.<\/p>\n\n\n\n<p>Fue galardonado con 28 discos de oro, dos de platino, un Grammy Latino en 2004 y un Grammy a la Excelencia por su trayectoria.<\/p>\n\n\n\n<p>Form\u00f3 parte de varias orquestas, entre estas la Big Band del maestro Papa Molina, donde acrecent\u00f3 sus conocimientos musicales, y para 1964 saldr\u00eda con su propio grupo, El Combo Show, con el cual dio un giro completo al merengue.<\/p>\n\n\n\n<div class=\"wp-block-image\"><figure class=\"alignright size-large is-resized\"><img loading=\"lazy\" decoding=\"async\" src=\"https:\/\/diariodominicano.com\/wp-content\/uploads\/2021\/07\/DespedidaVentura-Leonel31-7-21.jpeg\" alt=\"\" class=\"wp-image-290029\" width=\"447\" height=\"251\" srcset=\"https:\/\/diariodominicano.com\/wp-content\/uploads\/2021\/07\/DespedidaVentura-Leonel31-7-21.jpeg 680w, https:\/\/diariodominicano.com\/wp-content\/uploads\/2021\/07\/DespedidaVentura-Leonel31-7-21-300x169.jpeg 300w\" sizes=\"auto, (max-width: 447px) 100vw, 447px\" \/><\/figure><\/div>\n\n\n\n<p>Tambi\u00e9n incursion\u00f3 en el mundo de la pol\u00edtica con el Partido Revolucionario Dominicano, luego con el de la Liberaci\u00f3n Dominicana y posteriormente sigui\u00f3 al expresidente Leonel Fern\u00e1ndez en Fuerza del Pueblo.<\/p>\n\n\n\n<p>Fue diputado y tambi\u00e9n alcalde de Santo Domingo en el per\u00edodo 1998-2002, impulsadas ambas candidaturas por el PRD.<\/p>\n\n\n\n<p>rc\/ema<\/p>\n","protected":false},"excerpt":{"rendered":"<p>diariodominicano.com Santo Domingo, 31 jul (Prensa Latina) Rep\u00fablica Dominicana despidi\u00f3 hoy en esta capital y con grandes muestras de dolor, al destacado artista Johnny Ventura, el llamado Caballo Mayor, fallecido el pasado mi\u00e9rcoles a los 81 a\u00f1os. Los restos del afamado merenguero fueron velados desde la ma\u00f1ana de este s\u00e1bado en el c\u00e9ntrico Palacio de [&hellip;]<\/p>\n","protected":false},"author":5,"featured_media":290027,"comment_status":"closed","ping_status":"","sticky":true,"template":"","format":"standard","meta":{"footnotes":""},"categories":[20,27],"tags":[],"class_list":["post-290026","post","type-post","status-publish","format-standard","has-post-thumbnail","hentry","category-dominicana-hoy","category-portada"],"_links":{"self":[{"href":"https:\/\/diariodominicano.com\/index.php?rest_route=\/wp\/v2\/posts\/290026","targetHints":{"allow":["GET"]}}],"collection":[{"href":"https:\/\/diariodominicano.com\/index.php?rest_route=\/wp\/v2\/posts"}],"about":[{"href":"https:\/\/diariodominicano.com\/index.php?rest_route=\/wp\/v2\/types\/post"}],"author":[{"embeddable":true,"href":"https:\/\/diariodominicano.com\/index.php?rest_route=\/wp\/v2\/users\/5"}],"replies":[{"embeddable":true,"href":"https:\/\/diariodominicano.com\/index.php?rest_route=%2Fwp%2Fv2%2Fcomments&post=290026"}],"version-history":[{"count":1,"href":"https:\/\/diariodominicano.com\/index.php?rest_route=\/wp\/v2\/posts\/290026\/revisions"}],"predecessor-version":[{"id":290030,"href":"https:\/\/diariodominicano.com\/index.php?rest_route=\/wp\/v2\/posts\/290026\/revisions\/290030"}],"wp:featuredmedia":[{"embeddable":true,"href":"https:\/\/diariodominicano.com\/index.php?rest_route=\/wp\/v2\/media\/290027"}],"wp:attachment":[{"href":"https:\/\/diariodominicano.com\/index.php?rest_route=%2Fwp%2Fv2%2Fmedia&parent=290026"}],"wp:term":[{"taxonomy":"category","embeddable":true,"href":"https:\/\/diariodominicano.com\/index.php?rest_route=%2Fwp%2Fv2%2Fcategories&post=290026"},{"taxonomy":"post_tag","embeddable":true,"href":"https:\/\/diariodominicano.com\/index.php?rest_route=%2Fwp%2Fv2%2Ftags&post=290026"}],"curies":[{"name":"wp","href":"https:\/\/api.w.org\/{rel}","templated":true}]}}