{"id":290023,"date":"2021-07-31T18:36:06","date_gmt":"2021-07-31T22:36:06","guid":{"rendered":"http:\/\/diariodominicano.com\/?p=290023"},"modified":"2021-07-31T18:36:06","modified_gmt":"2021-07-31T22:36:06","slug":"presidente-abinader-viaja-este-domingo-a-azua-para-jornada-de-trabajo","status":"publish","type":"post","link":"https:\/\/diariodominicano.com\/?p=290023","title":{"rendered":"Presidente Abinader viaja este domingo a Azua para jornada de trabajo"},"content":{"rendered":"\n<p>diariodominicano.com<\/p>\n\n\n\n<p>Santo Domingo, R. D., 31 de julio, 2021.-\u00a0En continuaci\u00f3n\u00a0a\u00a0su recorrido por todo el pa\u00eds,\u00a0el presidente Luis\u00a0Abinader\u00a0se trasladar\u00e1 este domingo\u00a0primero\u00a0de agosto a la provincia de Azua\u00a0para\u00a0desarrollar diversas actividades.<\/p>\n\n\n\n<p>Es a&nbsp;trav\u00e9s de estas visitas&nbsp;que&nbsp;el mandatario busca conocer de cerca las principales necesidades que tienen las provincias,&nbsp;para&nbsp;as\u00ed&nbsp;gestionar las soluciones oportunas seg\u00fan las prioridades.&nbsp;<\/p>\n\n\n\n<p>La jornada de trabajo del presidente&nbsp;Abinader&nbsp;inicia en Sabana Yegua Viejo a las 10:30 de la ma\u00f1ana, con la inauguraci\u00f3n de la Primera Comunidad Sostenible.&nbsp;<\/p>\n\n\n\n<p>Este proyecto es desarrollado&nbsp;por&nbsp;Nature&nbsp;Power&nbsp;Foundationy comprende la instalaci\u00f3n de paneles solares para iluminar por primera vez 50 hogares y \u00e1reas comunes.<\/p>\n\n\n\n<p>Posteriormente,&nbsp;el mandatario encabezar\u00e1 la inauguraci\u00f3n de Lagunas 2 y 4, junto al INDRHI.&nbsp;<\/p>\n\n\n\n<p>El tercer punto en la agenda del jefe de Gobierno ser\u00e1 el encuentro con el sector agropecuario,&nbsp;a desarrollarse en el sal\u00f3n principal del Restaurant Maritza, ubicado en la entrada de Azua; y m\u00e1s tarde&nbsp;se reunir\u00e1&nbsp;con la junta de vecinos en el Polideportivo.&nbsp;<\/p>\n\n\n\n<p>Asimismo, el jefe de Estado presidir\u00e1 la Feria Sup\u00e9rate de PROSOLI en el Centro de Capacitaci\u00f3n y Producci\u00f3n Progresando con\u00a0Solidarida, para luego culminar su visita\u00a0en el Barrio San Miguel, Distrito La Bombita, donde presidir\u00e1 la entrega de viviendas.<\/p>\n\n\n\n<p>Fuente: Direcci\u00f3n de Prensa<\/p>\n\n\n\n<p>Presidencia de la Rep\u00fablica Dominicana<\/p>\n","protected":false},"excerpt":{"rendered":"<p>diariodominicano.com Santo Domingo, R. D., 31 de julio, 2021.-\u00a0En continuaci\u00f3n\u00a0a\u00a0su recorrido por todo el pa\u00eds,\u00a0el presidente Luis\u00a0Abinader\u00a0se trasladar\u00e1 este domingo\u00a0primero\u00a0de agosto a la provincia de Azua\u00a0para\u00a0desarrollar diversas actividades. Es a&nbsp;trav\u00e9s de estas visitas&nbsp;que&nbsp;el mandatario busca conocer de cerca las principales necesidades que tienen las provincias,&nbsp;para&nbsp;as\u00ed&nbsp;gestionar las soluciones oportunas seg\u00fan las prioridades.&nbsp; La jornada de trabajo [&hellip;]<\/p>\n","protected":false},"author":5,"featured_media":290024,"comment_status":"closed","ping_status":"","sticky":true,"template":"","format":"standard","meta":{"footnotes":""},"categories":[20,27],"tags":[],"class_list":["post-290023","post","type-post","status-publish","format-standard","has-post-thumbnail","hentry","category-dominicana-hoy","category-portada"],"_links":{"self":[{"href":"https:\/\/diariodominicano.com\/index.php?rest_route=\/wp\/v2\/posts\/290023","targetHints":{"allow":["GET"]}}],"collection":[{"href":"https:\/\/diariodominicano.com\/index.php?rest_route=\/wp\/v2\/posts"}],"about":[{"href":"https:\/\/diariodominicano.com\/index.php?rest_route=\/wp\/v2\/types\/post"}],"author":[{"embeddable":true,"href":"https:\/\/diariodominicano.com\/index.php?rest_route=\/wp\/v2\/users\/5"}],"replies":[{"embeddable":true,"href":"https:\/\/diariodominicano.com\/index.php?rest_route=%2Fwp%2Fv2%2Fcomments&post=290023"}],"version-history":[{"count":1,"href":"https:\/\/diariodominicano.com\/index.php?rest_route=\/wp\/v2\/posts\/290023\/revisions"}],"predecessor-version":[{"id":290025,"href":"https:\/\/diariodominicano.com\/index.php?rest_route=\/wp\/v2\/posts\/290023\/revisions\/290025"}],"wp:featuredmedia":[{"embeddable":true,"href":"https:\/\/diariodominicano.com\/index.php?rest_route=\/wp\/v2\/media\/290024"}],"wp:attachment":[{"href":"https:\/\/diariodominicano.com\/index.php?rest_route=%2Fwp%2Fv2%2Fmedia&parent=290023"}],"wp:term":[{"taxonomy":"category","embeddable":true,"href":"https:\/\/diariodominicano.com\/index.php?rest_route=%2Fwp%2Fv2%2Fcategories&post=290023"},{"taxonomy":"post_tag","embeddable":true,"href":"https:\/\/diariodominicano.com\/index.php?rest_route=%2Fwp%2Fv2%2Ftags&post=290023"}],"curies":[{"name":"wp","href":"https:\/\/api.w.org\/{rel}","templated":true}]}}