{"id":290009,"date":"2021-07-31T18:25:20","date_gmt":"2021-07-31T22:25:20","guid":{"rendered":"http:\/\/diariodominicano.com\/?p=290009"},"modified":"2021-07-31T18:25:20","modified_gmt":"2021-07-31T22:25:20","slug":"canciller-de-cuba-agradece-solidaridad-de-mexico","status":"publish","type":"post","link":"https:\/\/diariodominicano.com\/?p=290009","title":{"rendered":"Canciller de Cuba agradece solidaridad de M\u00e9xico"},"content":{"rendered":"\n<p>diariodominicano.com<\/p>\n\n\n\n<p>La Habana, 31 jul (Prensa Latina) El canciller de Cuba, Bruno Rodr\u00edguez, agradeci\u00f3 hoy el env\u00edo de ayuda desde M\u00e9xico y calific\u00f3 como inquebrantable la solidaridad entre ambos pueblos.<br>En un mensaje publicado en Twitter, Rodr\u00edguez salud\u00f3 el gesto del mandatario mexicano, Andr\u00e9s Manuel L\u00f3pez Obrador, frente a la pol\u00edtica agresiva de Estados Unidos contra la isla.<\/p>\n\n\n\n<p>Agradezco la ayuda a Cuba del Gobierno de M\u00e9xico y su presidente destinada al enfrentamiento a la Covid-19 y a paliar la situaci\u00f3n provocada por el inhumano bloqueo. La solidaridad entre nuestros pueblos es inquebrantable, escribi\u00f3.<\/p>\n\n\n\n<p>La v\u00edspera, arrib\u00f3 a puerto cubano el buque Libertador Bal-02, de la Armada mexicana, con 612,5 toneladas de alimentos, medicinas y ox\u00edgeno, en momentos en que la isla enfrenta adem\u00e1s un alza de contagios por el coronavirus SARS-CoV-2, causante de la dolencia.<\/p>\n\n\n\n<p>El Libertador Bal-02 es el primero de tres nav\u00edos anunciados por la naci\u00f3n centroamericana para apoyar a Cuba.<\/p>\n\n\n\n<p>Este s\u00e1bado, adem\u00e1s, llegar\u00e1 a esta capital un avi\u00f3n procedente del vecino pa\u00eds con otros insumos.<\/p>\n\n\n\n<p>Al anunciar este gesto, el mandatario mexicano, Andr\u00e9s Manuel L\u00f3pez Obrador, ratific\u00f3 su rechazo al asedio estadounidense y la interferencia en asuntos internos del pa\u00eds.<\/p>\n\n\n\n<p>&#8216;Hay una situaci\u00f3n delicada en Cuba porque padecen de un bloqueo inhumano, una medida extrema, propia de la \u00e9poca medieval que muestra un gran atraso en pol\u00edtica exterior, y no tiene nada que ver con la fraternidad que debe haber entre los pueblos del mundo&#8217;, reconoci\u00f3.<\/p>\n\n\n\n<p>ga\/ebr<\/p>\n","protected":false},"excerpt":{"rendered":"<p>diariodominicano.com La Habana, 31 jul (Prensa Latina) El canciller de Cuba, Bruno Rodr\u00edguez, agradeci\u00f3 hoy el env\u00edo de ayuda desde M\u00e9xico y calific\u00f3 como inquebrantable la solidaridad entre ambos pueblos.En un mensaje publicado en Twitter, Rodr\u00edguez salud\u00f3 el gesto del mandatario mexicano, Andr\u00e9s Manuel L\u00f3pez Obrador, frente a la pol\u00edtica agresiva de Estados Unidos contra [&hellip;]<\/p>\n","protected":false},"author":5,"featured_media":290021,"comment_status":"closed","ping_status":"","sticky":true,"template":"","format":"standard","meta":{"footnotes":""},"categories":[23,27],"tags":[],"class_list":["post-290009","post","type-post","status-publish","format-standard","has-post-thumbnail","hentry","category-internacional","category-portada"],"_links":{"self":[{"href":"https:\/\/diariodominicano.com\/index.php?rest_route=\/wp\/v2\/posts\/290009","targetHints":{"allow":["GET"]}}],"collection":[{"href":"https:\/\/diariodominicano.com\/index.php?rest_route=\/wp\/v2\/posts"}],"about":[{"href":"https:\/\/diariodominicano.com\/index.php?rest_route=\/wp\/v2\/types\/post"}],"author":[{"embeddable":true,"href":"https:\/\/diariodominicano.com\/index.php?rest_route=\/wp\/v2\/users\/5"}],"replies":[{"embeddable":true,"href":"https:\/\/diariodominicano.com\/index.php?rest_route=%2Fwp%2Fv2%2Fcomments&post=290009"}],"version-history":[{"count":1,"href":"https:\/\/diariodominicano.com\/index.php?rest_route=\/wp\/v2\/posts\/290009\/revisions"}],"predecessor-version":[{"id":290022,"href":"https:\/\/diariodominicano.com\/index.php?rest_route=\/wp\/v2\/posts\/290009\/revisions\/290022"}],"wp:featuredmedia":[{"embeddable":true,"href":"https:\/\/diariodominicano.com\/index.php?rest_route=\/wp\/v2\/media\/290021"}],"wp:attachment":[{"href":"https:\/\/diariodominicano.com\/index.php?rest_route=%2Fwp%2Fv2%2Fmedia&parent=290009"}],"wp:term":[{"taxonomy":"category","embeddable":true,"href":"https:\/\/diariodominicano.com\/index.php?rest_route=%2Fwp%2Fv2%2Fcategories&post=290009"},{"taxonomy":"post_tag","embeddable":true,"href":"https:\/\/diariodominicano.com\/index.php?rest_route=%2Fwp%2Fv2%2Ftags&post=290009"}],"curies":[{"name":"wp","href":"https:\/\/api.w.org\/{rel}","templated":true}]}}