{"id":290003,"date":"2021-07-31T17:40:48","date_gmt":"2021-07-31T21:40:48","guid":{"rendered":"http:\/\/diariodominicano.com\/?p=290003"},"modified":"2021-07-31T17:40:48","modified_gmt":"2021-07-31T21:40:48","slug":"presidente-abinader-asiste-al-velatorio-de-johnny-ventura","status":"publish","type":"post","link":"https:\/\/diariodominicano.com\/?p=290003","title":{"rendered":"Presidente Abinader asiste al velatorio de Johnny Ventura"},"content":{"rendered":"\n<p>diariodominicano.com<\/p>\n\n\n\n<p>Santo Domingo, R. D., 31 de julio, 2021.- El presidente Luis Abinader, acompa\u00f1ado de la primera dama Raquel Arbaje y el ministro Administrativo de la Presidencia Jos\u00e9 Ignacio Paliza, asisti\u00f3 este s\u00e1bado al velatorio popular del artista Johnny Ventura en el Palacio de los Deportes.<\/p>\n\n\n\n<p>El mandatario lleg\u00f3 pasadas las 11:00 de la ma\u00f1ana y dio el p\u00e9same a los familiares del fenecido artista, a quien defini\u00f3 como un padre, esposo, amigo y dominicano ejemplar.<\/p>\n\n\n\n<p>\u201cEse es el Johnny que nosotros tenemos que recordar, ese es el Johnny que debemos de imitar, ese es el Johnny que siempre quedar\u00e1 en los corazones de los dominicanos y dominicanas\u201d, dijo Abinader.<\/p>\n\n\n\n<p>Destac\u00f3 que no importando el color del partido pol\u00edtico que pudiese ser, siempre fue un hombre decente, caballeroso, buen amigo, alguien que siempre defendi\u00f3, desde los a\u00f1os 70, la democracia y los derechos humanos en la Rep\u00fablica Dominicana.<\/p>\n\n\n\n<p>Resalt\u00f3 que han sido d\u00edas de luto y dolor para todo el pueblo dominicano y la clase art\u00edstica nacional e internacional.<\/p>\n\n\n\n<p>\u201cHoy estamos todos tristes, porque para todos Johnny era una parte importante de este cuerpo\u201d, a\u00f1adi\u00f3 el jefe de Estado.<\/p>\n\n\n\n<p>Manifest\u00f3 a Jandy Ventura que tiene el gran compromiso de imitar la vida de su pap\u00e1, defendiendo los mejores intereses de la sociedad como referente de la clase art\u00edstica.<\/p>\n\n\n\n<p>En la ceremonia, su hijo Jandy Ventura agradeci\u00f3 al presidente Abinader y la primera dama Raquel Arbaje por asistir y romper su agenda para darle el \u00faltimo adi\u00f3s a su padre.<\/p>\n\n\n\n<p>El velatorio popular del fenecido artista inici\u00f3 a las 10:00 de la ma\u00f1ana en el Palacio de los Deportes, luego, a las dos de la tarde, realizar\u00e1n un recorrido por Villa Juana y a las cuatro de la tarde ser\u00e1 su sepelio.<\/p>\n\n\n\n<p>El gobierno del presidente Luis Abinader declar\u00f3 tres d\u00edas de duelo oficial por la muerte del artista Juan de Dios Ventura Soriano conocido como Johnny Ventura.<\/p>\n\n\n\n<p>El popular merenguero falleci\u00f3 el pasado mi\u00e9rcoles en la ciudad de Santiago a los 81 a\u00f1os, siendo la causa una muerte s\u00fabita.<\/p>\n\n\n\n<p>Al velatorio del \u00abCaballo Mayor\u00bb asistieron artistas nacionales e internaciones, familiares y amigos, as\u00ed\u00a0como cientos de personas que\u00a0tambi\u00e9n fueron a\u00a0darle el \u00faltimo adi\u00f3s<\/p>\n\n\n\n<p>Fuente: Direcci\u00f3n de Prensa<\/p>\n\n\n\n<p>Presidencia de la Rep\u00fablica Dominicana<\/p>\n","protected":false},"excerpt":{"rendered":"<p>diariodominicano.com Santo Domingo, R. D., 31 de julio, 2021.- El presidente Luis Abinader, acompa\u00f1ado de la primera dama Raquel Arbaje y el ministro Administrativo de la Presidencia Jos\u00e9 Ignacio Paliza, asisti\u00f3 este s\u00e1bado al velatorio popular del artista Johnny Ventura en el Palacio de los Deportes. El mandatario lleg\u00f3 pasadas las 11:00 de la ma\u00f1ana [&hellip;]<\/p>\n","protected":false},"author":5,"featured_media":290004,"comment_status":"closed","ping_status":"","sticky":true,"template":"","format":"standard","meta":{"footnotes":""},"categories":[20,27],"tags":[],"class_list":["post-290003","post","type-post","status-publish","format-standard","has-post-thumbnail","hentry","category-dominicana-hoy","category-portada"],"_links":{"self":[{"href":"https:\/\/diariodominicano.com\/index.php?rest_route=\/wp\/v2\/posts\/290003","targetHints":{"allow":["GET"]}}],"collection":[{"href":"https:\/\/diariodominicano.com\/index.php?rest_route=\/wp\/v2\/posts"}],"about":[{"href":"https:\/\/diariodominicano.com\/index.php?rest_route=\/wp\/v2\/types\/post"}],"author":[{"embeddable":true,"href":"https:\/\/diariodominicano.com\/index.php?rest_route=\/wp\/v2\/users\/5"}],"replies":[{"embeddable":true,"href":"https:\/\/diariodominicano.com\/index.php?rest_route=%2Fwp%2Fv2%2Fcomments&post=290003"}],"version-history":[{"count":1,"href":"https:\/\/diariodominicano.com\/index.php?rest_route=\/wp\/v2\/posts\/290003\/revisions"}],"predecessor-version":[{"id":290005,"href":"https:\/\/diariodominicano.com\/index.php?rest_route=\/wp\/v2\/posts\/290003\/revisions\/290005"}],"wp:featuredmedia":[{"embeddable":true,"href":"https:\/\/diariodominicano.com\/index.php?rest_route=\/wp\/v2\/media\/290004"}],"wp:attachment":[{"href":"https:\/\/diariodominicano.com\/index.php?rest_route=%2Fwp%2Fv2%2Fmedia&parent=290003"}],"wp:term":[{"taxonomy":"category","embeddable":true,"href":"https:\/\/diariodominicano.com\/index.php?rest_route=%2Fwp%2Fv2%2Fcategories&post=290003"},{"taxonomy":"post_tag","embeddable":true,"href":"https:\/\/diariodominicano.com\/index.php?rest_route=%2Fwp%2Fv2%2Ftags&post=290003"}],"curies":[{"name":"wp","href":"https:\/\/api.w.org\/{rel}","templated":true}]}}