{"id":289911,"date":"2021-07-30T22:44:41","date_gmt":"2021-07-31T02:44:41","guid":{"rendered":"http:\/\/diariodominicano.com\/?p=289911"},"modified":"2021-07-30T22:44:41","modified_gmt":"2021-07-31T02:44:41","slug":"cuba-recibe-ayuda-humanitaria-de-mexico-y-bolivia","status":"publish","type":"post","link":"https:\/\/diariodominicano.com\/?p=289911","title":{"rendered":"Cuba recibe ayuda humanitaria de M\u00e9xico y Bolivia"},"content":{"rendered":"\n<h3 class=\"wp-block-heading\">diariodominicano.com<a rel=\"noreferrer noopener\" href=\"http:\/\/home.xinhua-news.com\/gdsdetailxhs\/share\/9753235-?pageflag=iframe\" target=\"_blank\"><\/a><\/h3>\n\n\n\n<pre id=\"text-news-description\" class=\"wp-block-preformatted\">   LA HABANA, 30 jul (Xinhua) -- Cuba recibi\u00f3 este viernes dos env\u00edos de ayuda humanitaria procedentes de M\u00e9xico y Bolivia, que llegan en medio del peor rebrote de la COVID-19 en el pa\u00eds caribe\u00f1o y la intensificaci\u00f3n del bloqueo econ\u00f3mico, comercial y financiero de Estados Unidos.\n   En horas de la tarde de hoy el buque \"Libertador\" de la Armada de M\u00e9xico arrib\u00f3 al puerto de La Habana con un cargamento de 612,5 toneladas con insumos log\u00edsticos.\n   Durante la ceremonia de entrega del donativo, el embajador de M\u00e9xico en Cuba,  Miguel D\u00edaz Reynoso, dijo que acciones como estas son una prueba de los lazos de fraternidad que unen a ambos pueblos.\n   \"Esta llegada tan esperada junto con otros nav\u00edos, junto con otras formas de ayuda, de cooperaci\u00f3n, son testimonio de una sencilla y gran cosa. Son testimonios de amistad, gratitud y solidaridad\", agreg\u00f3.\n   El diplom\u00e1tico agradeci\u00f3 adem\u00e1s el apoyo brindado por Cuba con el env\u00edo de brigadas m\u00e9dicas para atender la emergencia sanitaria provocada por el nuevo coronavirus en tierras mexicanas.\n   Por su parte,  el Ministro de Comercio y la Inversi\u00f3n Extranjera de Cuba, Rodrigo Malmierca,  afirm\u00f3 que esta es una prueba fehaciente de la cooperaci\u00f3n sostenida durante d\u00e9cadas entre la naci\u00f3n antillana y M\u00e9xico.\n   \"Nuestro pa\u00eds piensa que la vida es algo que tenemos que desarrollar en paz, y nos oponemos a cualquier intento de socavar la paz\", precis\u00f3 el alto funcionario.\n   Malmierca a\u00f1adi\u00f3 que Cuba siempre estar\u00e1 agradecida a los pueblos y gobiernos como el de M\u00e9xico que exportan hermandad hacia la isla, y no la guerra o la violencia.\n   Tambi\u00e9n en la tarde de este viernes, arrib\u00f3 al aeropuerto internacional \"Jos\u00e9 Mart\u00ed\" de La Habana un cargamento consistente en 2,5 toneladas de jeringas, 16,5 toneladas de alimentos y 1,5 toneladas de material de bioseguridad, enviados por el Gobierno boliviano.\n   La Ministra de la Presidencia de Bolivia, Mar\u00eda Elena Prada, destac\u00f3 que Cuba conden\u00f3 la pol\u00edtica unilateral de Washington hacia La Havana y expres\u00f3 su apoyo a la Revoluci\u00f3n socialista en la naci\u00f3n insular.\n   \"Esperemos que pronto la voz de los pueblos del mundo sea la que venza y que Cuba pueda decidir sobre su propio destino sin ning\u00fan tipo de presiones o bloqueos\", a\u00f1adi\u00f3. <\/pre>\n","protected":false},"excerpt":{"rendered":"<p>diariodominicano.com LA HABANA, 30 jul (Xinhua) &#8212; Cuba recibi\u00f3 este viernes dos env\u00edos de ayuda humanitaria procedentes de M\u00e9xico y Bolivia, que llegan en medio del peor rebrote de la COVID-19 en el pa\u00eds caribe\u00f1o y la intensificaci\u00f3n del bloqueo econ\u00f3mico, comercial y financiero de Estados Unidos. En horas de la tarde de hoy el [&hellip;]<\/p>\n","protected":false},"author":5,"featured_media":289912,"comment_status":"closed","ping_status":"","sticky":true,"template":"","format":"standard","meta":{"footnotes":""},"categories":[23,27],"tags":[],"class_list":["post-289911","post","type-post","status-publish","format-standard","has-post-thumbnail","hentry","category-internacional","category-portada"],"_links":{"self":[{"href":"https:\/\/diariodominicano.com\/index.php?rest_route=\/wp\/v2\/posts\/289911","targetHints":{"allow":["GET"]}}],"collection":[{"href":"https:\/\/diariodominicano.com\/index.php?rest_route=\/wp\/v2\/posts"}],"about":[{"href":"https:\/\/diariodominicano.com\/index.php?rest_route=\/wp\/v2\/types\/post"}],"author":[{"embeddable":true,"href":"https:\/\/diariodominicano.com\/index.php?rest_route=\/wp\/v2\/users\/5"}],"replies":[{"embeddable":true,"href":"https:\/\/diariodominicano.com\/index.php?rest_route=%2Fwp%2Fv2%2Fcomments&post=289911"}],"version-history":[{"count":1,"href":"https:\/\/diariodominicano.com\/index.php?rest_route=\/wp\/v2\/posts\/289911\/revisions"}],"predecessor-version":[{"id":289913,"href":"https:\/\/diariodominicano.com\/index.php?rest_route=\/wp\/v2\/posts\/289911\/revisions\/289913"}],"wp:featuredmedia":[{"embeddable":true,"href":"https:\/\/diariodominicano.com\/index.php?rest_route=\/wp\/v2\/media\/289912"}],"wp:attachment":[{"href":"https:\/\/diariodominicano.com\/index.php?rest_route=%2Fwp%2Fv2%2Fmedia&parent=289911"}],"wp:term":[{"taxonomy":"category","embeddable":true,"href":"https:\/\/diariodominicano.com\/index.php?rest_route=%2Fwp%2Fv2%2Fcategories&post=289911"},{"taxonomy":"post_tag","embeddable":true,"href":"https:\/\/diariodominicano.com\/index.php?rest_route=%2Fwp%2Fv2%2Ftags&post=289911"}],"curies":[{"name":"wp","href":"https:\/\/api.w.org\/{rel}","templated":true}]}}