{"id":289903,"date":"2021-07-30T22:09:52","date_gmt":"2021-07-31T02:09:52","guid":{"rendered":"http:\/\/diariodominicano.com\/?p=289903"},"modified":"2021-07-30T22:09:52","modified_gmt":"2021-07-31T02:09:52","slug":"observan-en-republica-dominicana-viajero-procedente-de-africa-que-tuvo-contacto-enfermo-de-viruela-de-los-simios","status":"publish","type":"post","link":"https:\/\/diariodominicano.com\/?p=289903","title":{"rendered":"Observan en Rep\u00fablica Dominicana viajero procedente de \u00c1frica que tuvo contacto enfermo de viruela de los simios"},"content":{"rendered":"\n<p>diariodominicano.com<\/p>\n\n\n\n<p>Santo Domingo, 30 jul (Prensa Latina) Autoridades sanitarias dominicanas informaron hoy que observan a una persona ingresada en el Hospital Ram\u00f3n de Lara en esta capital, la cual tuvo contacto con un enfermo de viruela de los simios.<\/p>\n\n\n\n<p><br>En rueda de prensa, el director del Hospital, Jos\u00e9 Richardson L\u00f3pez, explic\u00f3 que el pasado 26 de julio, Estados Unidos notific\u00f3 al pa\u00eds la presencia de un viajero de nacionalidad china, identificado como contacto de una persona con infecci\u00f3n por la viruela de los simios, el cual viaj\u00f3 a Dominicana procedente de Lagos, Nigeria.<\/p>\n\n\n\n<p>Inmediatamente, el sistema sanitario de esta naci\u00f3n localiz\u00f3 al viajero y lo traslad\u00f3 hasta el mencionado centro hospitalario donde se encuentra desde ayer en una sala de aislamiento, agreg\u00f3 el galeno.<\/p>\n\n\n\n<p>Se trata, dijo, de hombre de 38 a\u00f1os de edad, el cual est\u00e1 en condiciones de salud estables, solo presenta como dato cl\u00ednico una erupci\u00f3n en la piel y no ha referido ning\u00fan otro s\u00edntoma.<\/p>\n\n\n\n<p>Asimismo, explic\u00f3 que el equipo m\u00e9dico encargado de la atenci\u00f3n al paciente, coordina las acciones a seguir con el Centro para el Control de las Enfermedades de Estados Unidos, las cuales incluye env\u00edos de muestras para sus an\u00e1lisis.<\/p>\n\n\n\n<p>La enfermedad es infecciosa y la transmiten roedores, ardillas y simios y produce erupci\u00f3n en la piel, fiebre, malestar general y dolor de cabeza. Fue descubierta en 1958 en grupos de animales de investigaci\u00f3n, registr\u00e1ndose el primer caso humano en 1970 en la Rep\u00fablica Democr\u00e1tica del Congo.<\/p>\n\n\n\n<p>De acuerdo con la literatura m\u00e9dica, los s\u00edntomas de la enfermedad son similares a los de la viruela, pero m\u00e1s leves.<\/p>\n\n\n\n<p>La persona tiende a comenzar con agotamiento, dolor muscular, fiebre, dolor de cabeza, adem\u00e1s causa inflamaci\u00f3n de los ganglios linf\u00e1ticos.<\/p>\n\n\n\n<p>En otra etapa de la enfermedad aparece una erupci\u00f3n en la piel que comienza en el rostro y se extiende a otras partes del cuerpo, luego pueden verse unas manchas y con el paso de los d\u00edas estas cambian de forma al llenarse de l\u00edquido.<\/p>\n\n\n\n<p>Finalmente se convierten en p\u00fastulas con pus, para terminar en postillas y caerse.<\/p>\n\n\n\n<p>El Ministerio de Salud P\u00fablica toma las medidas pertinentes ante este caso, incluido el monitoreo del paciente y el seguimiento adecuado a posibles contactos de este durante su estancia en el pa\u00eds.<\/p>\n\n\n\n<p>jha\/ema<\/p>\n","protected":false},"excerpt":{"rendered":"<p>diariodominicano.com Santo Domingo, 30 jul (Prensa Latina) Autoridades sanitarias dominicanas informaron hoy que observan a una persona ingresada en el Hospital Ram\u00f3n de Lara en esta capital, la cual tuvo contacto con un enfermo de viruela de los simios. En rueda de prensa, el director del Hospital, Jos\u00e9 Richardson L\u00f3pez, explic\u00f3 que el pasado 26 [&hellip;]<\/p>\n","protected":false},"author":5,"featured_media":289904,"comment_status":"closed","ping_status":"","sticky":true,"template":"","format":"standard","meta":{"footnotes":""},"categories":[20,27],"tags":[],"class_list":["post-289903","post","type-post","status-publish","format-standard","has-post-thumbnail","hentry","category-dominicana-hoy","category-portada"],"_links":{"self":[{"href":"https:\/\/diariodominicano.com\/index.php?rest_route=\/wp\/v2\/posts\/289903","targetHints":{"allow":["GET"]}}],"collection":[{"href":"https:\/\/diariodominicano.com\/index.php?rest_route=\/wp\/v2\/posts"}],"about":[{"href":"https:\/\/diariodominicano.com\/index.php?rest_route=\/wp\/v2\/types\/post"}],"author":[{"embeddable":true,"href":"https:\/\/diariodominicano.com\/index.php?rest_route=\/wp\/v2\/users\/5"}],"replies":[{"embeddable":true,"href":"https:\/\/diariodominicano.com\/index.php?rest_route=%2Fwp%2Fv2%2Fcomments&post=289903"}],"version-history":[{"count":1,"href":"https:\/\/diariodominicano.com\/index.php?rest_route=\/wp\/v2\/posts\/289903\/revisions"}],"predecessor-version":[{"id":289905,"href":"https:\/\/diariodominicano.com\/index.php?rest_route=\/wp\/v2\/posts\/289903\/revisions\/289905"}],"wp:featuredmedia":[{"embeddable":true,"href":"https:\/\/diariodominicano.com\/index.php?rest_route=\/wp\/v2\/media\/289904"}],"wp:attachment":[{"href":"https:\/\/diariodominicano.com\/index.php?rest_route=%2Fwp%2Fv2%2Fmedia&parent=289903"}],"wp:term":[{"taxonomy":"category","embeddable":true,"href":"https:\/\/diariodominicano.com\/index.php?rest_route=%2Fwp%2Fv2%2Fcategories&post=289903"},{"taxonomy":"post_tag","embeddable":true,"href":"https:\/\/diariodominicano.com\/index.php?rest_route=%2Fwp%2Fv2%2Ftags&post=289903"}],"curies":[{"name":"wp","href":"https:\/\/api.w.org\/{rel}","templated":true}]}}