{"id":289890,"date":"2021-07-30T21:24:54","date_gmt":"2021-07-31T01:24:54","guid":{"rendered":"http:\/\/diariodominicano.com\/?p=289890"},"modified":"2021-07-30T21:24:54","modified_gmt":"2021-07-31T01:24:54","slug":"campeonatos-panamericanos-y-centroamericanos-tendran-cifra-record-de-participantes","status":"publish","type":"post","link":"https:\/\/diariodominicano.com\/?p=289890","title":{"rendered":"Campeonatos Panamericanos y Centroamericanos tendr\u00e1n cifra r\u00e9cord de participantes"},"content":{"rendered":"\n<p>Evento se correr\u00e1 en el Mirador Sur desde el jueves 12 de agosto al 15, con atletas de 36 pa\u00edses<\/p>\n\n\n\n<p>SANTO DOMINGO.- La Federaci\u00f3n Dominicana de Ciclismo (Fedoci), dio a conocer todos los pormenores de los Campeonatos Panamericanos y Centroamericanos del Caribe de ruta, a celebrarse del 12 al 15 de agosto, con 306 atletas de 36 federaciones, en el Mirador Sur.<\/p>\n\n\n\n<p>Los dos eventos son clasificatorios para los Juegos Panamericanos Junior, que ser\u00e1n celebrados en Cali, Colombia entre noviembre y diciembre del presente a\u00f1o, y los Centroamericanos y del Caribe de El Salvador 2023.<\/p>\n\n\n\n<p>La informaci\u00f3n la dio a conocer el presidente de la Fedoci, Jorge Blas D\u00edaz, en rueda de prensa este viernes en el Comit\u00e9 Ol\u00edmpico Dominicano. En la misma se dieron cita Franklin de la Mota, viceministro de Deportes; Jos\u00e9 Luis Ram\u00edrez (Borola), del COD; tambi\u00e9n los directivos de Fedoci, Emilio Valdez (El Caballito) y Jos\u00e9 Carfacio, vicepresidentes; Rafael Tejada y Miguel Segura, secretario y director de comunicaciones y relaciones p\u00fablicas de la instituci\u00f3n <\/p>\n\n\n\n<div class=\"wp-block-image is-style-default\"><figure class=\"alignleft size-large is-resized\"><img loading=\"lazy\" decoding=\"async\" src=\"https:\/\/diariodominicano.com\/wp-content\/uploads\/2021\/07\/image-87-1024x596.png\" alt=\"\" class=\"wp-image-289895\" width=\"351\" height=\"204\"\/><\/figure><\/div>\n\n\n\n<p>Revel\u00f3 que los dos eventos fueron asignados para Argentina (Panamericano) y Cuba (Centroamericano y del Caribe), sin embargo, por la pandemia del COVID-19 fueron declinados.<\/p>\n\n\n\n<p>\u201cNos comunicaron a nosotros para montar los dos eventos y aceptamos el reto, ya que organizamos la Vuelta Independencia con pandemia y sin vacuna, por lo que hoy podemos anunciar que ser\u00e1n de los evento m\u00e1s grandes de Rep\u00fablica Dominicana\u201d, asegur\u00f3 Blas D\u00edaz, quien confirm\u00f3 que la justa tendr\u00e1 el soporte del Ayuntamiento del Distrito Nacional, de la mano de Carolina Mej\u00eda; el Ministerio de Deportes, con Francisco Camacho, adem\u00e1s de la OMSA y los Comedores Econ\u00f3micos <\/p>\n\n\n\n<p>\u201cEste es un evento que mover\u00e1 m\u00e1s de 400 personas, ya que los ciclistas vendr\u00e1n con acompa\u00f1antes, quienes ya han pedido informaci\u00f3n para apodarse en algunos hoteles cerca de la capital. El ciclismo es parte del turismo\u201d, indic\u00f3. Resalt\u00f3 que los 306 ciclistas de los 36 pa\u00edses ser\u00e1 cifra r\u00e9cord para un evento.<\/p>\n\n\n\n<p>Por su parte, Rafael Tejada, quien trabaja en la parte t\u00e9cnica de los eventos, explic\u00f3 los detalles log\u00edsticos.<\/p>\n\n\n\n<p>Dijo que el evento se correr\u00e1 el 12 de agosto por primera vez con el Campeonato del Caribe, mientras que el s\u00e1bado se corren los dos, el del Caribe y el Panamericano Sub-23.<\/p>\n\n\n\n<p>El s\u00e1bado habr\u00e1 dos competencias de adultos en la sub-23, masculino y femenino. &nbsp;<\/p>\n\n\n\n<p>El domingo la etapa final con la \u00e9lite y en equipo.<\/p>\n\n\n\n<p>De la Mota y Ram\u00edrez, ambos funcionarios del Miderec y COD, respectivamente, elogiaron los trabajos que realiza la Fedoci, al tiempo que esperan que los dos eventos clasificatorios sean un \u00e9xito.<\/p>\n\n\n\n<p>\u201cEstos dos eventos reabren el deporte dominicano y mueven no solo el deporte, la econom\u00eda y el turismo, porque cada atleta que viene al pa\u00eds se enamora y pueden ser m\u00e1s adelante inversionistas en nuestra naci\u00f3n\u201d, detall\u00f3 De la Mota.<\/p>\n\n\n\n<p>Los eventos tendr\u00e1n la supervisi\u00f3n de la Uni\u00f3n Ciclista Internacional y de la Confederaci\u00f3n Panamericana de ese&nbsp;deporte, ya que son puntuables para el ranking.<\/p>\n\n\n\n<p>36 pa\u00edses confirmados<\/p>\n\n\n\n<p>Anguila, Antigua, Bahamas, Barbados, Belice, Bermuda, Bolivia, Brasil, Chile, Colombia, Costa Rica, Cuba, Curazao, Dominica, Ecuador, El Salvador, Gran Caim\u00e1n, Granada, Guatemala, Hait\u00ed, Honduras, Jamaica, M\u00e9xico, Nicaragua, &nbsp;Panam\u00e1, Paraguay, Per\u00fa, Puerto Rico, Rep\u00fablica Dominicana, San Mart\u00edn, San Vicente y las Granadinas, Trinidad y Tobago, Uruguay, Venezuela y Santa Luc\u00eda.&nbsp;<\/p>\n","protected":false},"excerpt":{"rendered":"<p>Evento se correr\u00e1 en el Mirador Sur desde el jueves 12 de agosto al 15, con atletas de 36 pa\u00edses SANTO DOMINGO.- La Federaci\u00f3n Dominicana de Ciclismo (Fedoci), dio a conocer todos los pormenores de los Campeonatos Panamericanos y Centroamericanos del Caribe de ruta, a celebrarse del 12 al 15 de agosto, con 306 atletas [&hellip;]<\/p>\n","protected":false},"author":7,"featured_media":289894,"comment_status":"closed","ping_status":"","sticky":true,"template":"","format":"standard","meta":{"footnotes":""},"categories":[17,27],"tags":[],"class_list":["post-289890","post","type-post","status-publish","format-standard","has-post-thumbnail","hentry","category-deportes","category-portada"],"_links":{"self":[{"href":"https:\/\/diariodominicano.com\/index.php?rest_route=\/wp\/v2\/posts\/289890","targetHints":{"allow":["GET"]}}],"collection":[{"href":"https:\/\/diariodominicano.com\/index.php?rest_route=\/wp\/v2\/posts"}],"about":[{"href":"https:\/\/diariodominicano.com\/index.php?rest_route=\/wp\/v2\/types\/post"}],"author":[{"embeddable":true,"href":"https:\/\/diariodominicano.com\/index.php?rest_route=\/wp\/v2\/users\/7"}],"replies":[{"embeddable":true,"href":"https:\/\/diariodominicano.com\/index.php?rest_route=%2Fwp%2Fv2%2Fcomments&post=289890"}],"version-history":[{"count":1,"href":"https:\/\/diariodominicano.com\/index.php?rest_route=\/wp\/v2\/posts\/289890\/revisions"}],"predecessor-version":[{"id":289897,"href":"https:\/\/diariodominicano.com\/index.php?rest_route=\/wp\/v2\/posts\/289890\/revisions\/289897"}],"wp:featuredmedia":[{"embeddable":true,"href":"https:\/\/diariodominicano.com\/index.php?rest_route=\/wp\/v2\/media\/289894"}],"wp:attachment":[{"href":"https:\/\/diariodominicano.com\/index.php?rest_route=%2Fwp%2Fv2%2Fmedia&parent=289890"}],"wp:term":[{"taxonomy":"category","embeddable":true,"href":"https:\/\/diariodominicano.com\/index.php?rest_route=%2Fwp%2Fv2%2Fcategories&post=289890"},{"taxonomy":"post_tag","embeddable":true,"href":"https:\/\/diariodominicano.com\/index.php?rest_route=%2Fwp%2Fv2%2Ftags&post=289890"}],"curies":[{"name":"wp","href":"https:\/\/api.w.org\/{rel}","templated":true}]}}