{"id":289889,"date":"2021-07-30T21:49:49","date_gmt":"2021-07-31T01:49:49","guid":{"rendered":"http:\/\/diariodominicano.com\/?p=289889"},"modified":"2021-07-30T21:49:49","modified_gmt":"2021-07-31T01:49:49","slug":"espana-comienza-el-descenso-de-la-quinta-ola-de-la-pandemia","status":"publish","type":"post","link":"https:\/\/diariodominicano.com\/?p=289889","title":{"rendered":"Espa\u00f1a comienza el descenso de la quinta ola de la pandemia"},"content":{"rendered":"\n<p>diariodominicano.com<\/p>\n\n\n\n<pre id=\"text-news-description\" class=\"wp-block-preformatted\">MADRID, 30 jul (Xinhua) -- Espa\u00f1a comienza el descenso de la quinta ola de la pandemia, tras superar hace menos de una semana una incidencia acumulada por encima de los 700 casos por cada cien mil habitantes, seg\u00fan el Ministerio de Sanidad.\n   La cartera inform\u00f3 hoy de 24.753 nuevos casos de COVID-19 en las \u00faltimas 24 horas desde las 14:00 horas (13:00 horas GMT) de ayer, mientras que las muertes en este mismo per\u00edodo contabiliz\u00f3 44.\n   En tanto, la cifra total de infectados por COVID-19 se situ\u00f3 en 4.447.044 en Espa\u00f1a, al tiempo que fueron 81.486 los fallecidos, quienes presentaron prueba diagn\u00f3stica positiva, desde que el virus lleg\u00f3 al pa\u00eds en enero de 2020.\n   Hasta ahora el 56,8 por ciento de los residentes espa\u00f1oles ya han recibido la pauta completa de vacunaci\u00f3n contra la COVID-19, mientras que el 67,1 por ciento ya tiene al menos una dosis.\n   El Ministerio de Sanidad emiti\u00f3 hoy el informe de actividad del proceso de vacunaci\u00f3n frente a la COVID-19 en base a los datos recogidos entre el 27 de diciembre, d\u00eda en el que comenzaron las vacunaciones, y 30 de julio.<\/pre>\n","protected":false},"excerpt":{"rendered":"<p>diariodominicano.com MADRID, 30 jul (Xinhua) &#8212; Espa\u00f1a comienza el descenso de la quinta ola de la pandemia, tras superar hace menos de una semana una incidencia acumulada por encima de los 700 casos por cada cien mil habitantes, seg\u00fan el Ministerio de Sanidad. La cartera inform\u00f3 hoy de 24.753 nuevos casos de COVID-19 en las [&hellip;]<\/p>\n","protected":false},"author":5,"featured_media":289898,"comment_status":"closed","ping_status":"","sticky":true,"template":"","format":"standard","meta":{"footnotes":""},"categories":[23,27],"tags":[],"class_list":["post-289889","post","type-post","status-publish","format-standard","has-post-thumbnail","hentry","category-internacional","category-portada"],"_links":{"self":[{"href":"https:\/\/diariodominicano.com\/index.php?rest_route=\/wp\/v2\/posts\/289889","targetHints":{"allow":["GET"]}}],"collection":[{"href":"https:\/\/diariodominicano.com\/index.php?rest_route=\/wp\/v2\/posts"}],"about":[{"href":"https:\/\/diariodominicano.com\/index.php?rest_route=\/wp\/v2\/types\/post"}],"author":[{"embeddable":true,"href":"https:\/\/diariodominicano.com\/index.php?rest_route=\/wp\/v2\/users\/5"}],"replies":[{"embeddable":true,"href":"https:\/\/diariodominicano.com\/index.php?rest_route=%2Fwp%2Fv2%2Fcomments&post=289889"}],"version-history":[{"count":1,"href":"https:\/\/diariodominicano.com\/index.php?rest_route=\/wp\/v2\/posts\/289889\/revisions"}],"predecessor-version":[{"id":289899,"href":"https:\/\/diariodominicano.com\/index.php?rest_route=\/wp\/v2\/posts\/289889\/revisions\/289899"}],"wp:featuredmedia":[{"embeddable":true,"href":"https:\/\/diariodominicano.com\/index.php?rest_route=\/wp\/v2\/media\/289898"}],"wp:attachment":[{"href":"https:\/\/diariodominicano.com\/index.php?rest_route=%2Fwp%2Fv2%2Fmedia&parent=289889"}],"wp:term":[{"taxonomy":"category","embeddable":true,"href":"https:\/\/diariodominicano.com\/index.php?rest_route=%2Fwp%2Fv2%2Fcategories&post=289889"},{"taxonomy":"post_tag","embeddable":true,"href":"https:\/\/diariodominicano.com\/index.php?rest_route=%2Fwp%2Fv2%2Ftags&post=289889"}],"curies":[{"name":"wp","href":"https:\/\/api.w.org\/{rel}","templated":true}]}}