{"id":289869,"date":"2021-07-30T16:34:23","date_gmt":"2021-07-30T20:34:23","guid":{"rendered":"http:\/\/diariodominicano.com\/?p=289869"},"modified":"2021-07-30T16:34:23","modified_gmt":"2021-07-30T20:34:23","slug":"envian-a-prision-preventiva-a-propietario-de-negocio-vinculado-al-robo-de-equipos-a-la-junta-central-electoral","status":"publish","type":"post","link":"https:\/\/diariodominicano.com\/?p=289869","title":{"rendered":"Env\u00edan a prisi\u00f3n preventiva a propietario de negocio vinculado al robo de equipos a la Junta Central Electoral"},"content":{"rendered":"\n<p><em><u>Es el segundo imputado enviado a prisi\u00f3n esta semana por el robo perpetrado contra esa instituci\u00f3n<\/u><\/em><\/p>\n\n\n\n<p><strong>SANTO DOMINGO (Rep\u00fablica Dominicana)<strong>, 30 de julio de 2021<\/strong> .-<\/strong>\u00a0La Oficina Judicial de Servicios de Atenci\u00f3n Permanente del Distrito Nacional le impuso este viernes tres meses de prisi\u00f3n preventiva al propietario de un negocio de venta de equipos de inform\u00e1tica que se asoci\u00f3 con un empleado de la Junta Central Electoral (JCE) para comercializar dispositivos robados a esa instituci\u00f3n.<\/p>\n\n\n\n<p>La jueza Kenya Romero acogi\u00f3 la petici\u00f3n del Ministerio P\u00fablico y estableci\u00f3 la medida de coerci\u00f3n para Pablo Vallejo Hiraldo, alias Jeferson, quien fue arrestado mediante orden judicial, y dispuso su cumplimiento en el Centro de Correcci\u00f3n y Rehabilitaci\u00f3n Najayo Hombres, en San Crist\u00f3bal.<\/p>\n\n\n\n<p>La decisi\u00f3n estuvo basada en distintas pruebas materiales, documentales, testimoniales e im\u00e1genes aportadas en la audiencia por la fiscal litigante Esther Gonz\u00e1lez Peguero, representante del Ministerio P\u00fablico ante el \u00f3rgano electoral.<\/p>\n\n\n\n<p>Por este hecho, cumple tres meses de prisi\u00f3n preventiva Aneudy Alexander Ferrand Abreu, el empleado de la JCE acusado de sustraer los equipos.<\/p>\n\n\n\n<p>El Ministerio P\u00fablico establece que el 22 de mayo pasado, Ferrand Abreu se present\u00f3 a la tienda de equipos electr\u00f3nicos Jeferson Computcell, ubicada en San Felipe de Villa Mella, municipio Santo Domingo Norte, con la finalidad de vender 22 mini CPU, o procesadores de computadoras, Hp Pro Desk 400 G4, con los seriales y c\u00f3digos de la JCE.<\/p>\n\n\n\n<p>Las investigaciones permitieron determinar que Vallejo Hiraldo, propietario del establecimiento, adquir\u00eda los dispositivos sin facturas y con conocimiento previo de que pertenecen al organismo de comicios, de donde fueron sustra\u00eddos.<\/p>\n\n\n\n<p>El Ministerio P\u00fablico detalla, adem\u00e1s, que el pasado 26 de julio practic\u00f3 un allanamiento al local comercial, en el que ocup\u00f3 27 discos duros, as\u00ed como 45 memorias RAM, dos memorias USB, 12 tarjetas de v\u00eddeo y una tarjeta PCI.&nbsp;Tras el allanamiento, el \u00f3rgano de la persecuci\u00f3n penal procedi\u00f3 a arrestar al imputado Vallejo Hiraldo.<\/p>\n\n\n\n<p><strong>Direcci\u00f3n de Comunicaci\u00f3n y Prensa<\/strong> <strong>Procuradur\u00eda General-Ministerio P\u00fablico RD<\/strong> <\/p>\n","protected":false},"excerpt":{"rendered":"<p>Es el segundo imputado enviado a prisi\u00f3n esta semana por el robo perpetrado contra esa instituci\u00f3n SANTO DOMINGO (Rep\u00fablica Dominicana), 30 de julio de 2021 .-\u00a0La Oficina Judicial de Servicios de Atenci\u00f3n Permanente del Distrito Nacional le impuso este viernes tres meses de prisi\u00f3n preventiva al propietario de un negocio de venta de equipos de [&hellip;]<\/p>\n","protected":false},"author":7,"featured_media":271170,"comment_status":"closed","ping_status":"","sticky":true,"template":"","format":"standard","meta":{"footnotes":""},"categories":[24,27],"tags":[],"class_list":["post-289869","post","type-post","status-publish","format-standard","has-post-thumbnail","hentry","category-justicia-y-derecho","category-portada"],"_links":{"self":[{"href":"https:\/\/diariodominicano.com\/index.php?rest_route=\/wp\/v2\/posts\/289869","targetHints":{"allow":["GET"]}}],"collection":[{"href":"https:\/\/diariodominicano.com\/index.php?rest_route=\/wp\/v2\/posts"}],"about":[{"href":"https:\/\/diariodominicano.com\/index.php?rest_route=\/wp\/v2\/types\/post"}],"author":[{"embeddable":true,"href":"https:\/\/diariodominicano.com\/index.php?rest_route=\/wp\/v2\/users\/7"}],"replies":[{"embeddable":true,"href":"https:\/\/diariodominicano.com\/index.php?rest_route=%2Fwp%2Fv2%2Fcomments&post=289869"}],"version-history":[{"count":2,"href":"https:\/\/diariodominicano.com\/index.php?rest_route=\/wp\/v2\/posts\/289869\/revisions"}],"predecessor-version":[{"id":289873,"href":"https:\/\/diariodominicano.com\/index.php?rest_route=\/wp\/v2\/posts\/289869\/revisions\/289873"}],"wp:featuredmedia":[{"embeddable":true,"href":"https:\/\/diariodominicano.com\/index.php?rest_route=\/wp\/v2\/media\/271170"}],"wp:attachment":[{"href":"https:\/\/diariodominicano.com\/index.php?rest_route=%2Fwp%2Fv2%2Fmedia&parent=289869"}],"wp:term":[{"taxonomy":"category","embeddable":true,"href":"https:\/\/diariodominicano.com\/index.php?rest_route=%2Fwp%2Fv2%2Fcategories&post=289869"},{"taxonomy":"post_tag","embeddable":true,"href":"https:\/\/diariodominicano.com\/index.php?rest_route=%2Fwp%2Fv2%2Ftags&post=289869"}],"curies":[{"name":"wp","href":"https:\/\/api.w.org\/{rel}","templated":true}]}}