{"id":289829,"date":"2021-07-30T13:12:14","date_gmt":"2021-07-30T17:12:14","guid":{"rendered":"http:\/\/diariodominicano.com\/?p=289829"},"modified":"2021-07-30T13:12:14","modified_gmt":"2021-07-30T17:12:14","slug":"defensoria-del-pueblo-pondera-las-condiciones-en-las-que-son-alojados-los-internos-de-la-carcel-preventiva-de-ciudad-nueva","status":"publish","type":"post","link":"https:\/\/diariodominicano.com\/?p=289829","title":{"rendered":"Defensor\u00eda del Pueblo pondera las condiciones en las que son alojados los internos de la c\u00e1rcel preventiva de Ciudad Nueva"},"content":{"rendered":"\n<p>diariodominicano.com<\/p>\n\n\n\n<p><em><u>Pablo Ulloa realiz\u00f3 una visita de inspecci\u00f3n al recinto en la que fue recibido por Patricia Lagombra Polanco y Roberto Hern\u00e1ndez Basilio<\/u><\/em><\/p>\n\n\n\n<p>Santo Domingo, R. D.,  30 de julio, 2021.- \u201cVi, en sentido pr\u00e1ctico, un espacio muy diferente a como lo hab\u00eda visto en momento que me toc\u00f3 venir, de alguna manera u otra, a hacer ejercicios o a practicar visitas (en su trabajo de abogado)\u201d, asegur\u00f3 Pablo Ulloa, titular de la Defensor\u00eda del Pueblo, al describir las condiciones f\u00edsicas en las que son alojados los privados de libertad en la c\u00e1rcel preventiva del Palacio de Justicia de Ciudad Nueva.<\/p>\n\n\n\n<p>\u201cTienen espacios para la parte m\u00e9dica, las reservas o los espacios de los privados de libertad tienen abanicos, hay higiene, justamente la cantidad de privados de libertad por espacio cumple las regulaciones internacionales, tienen espacio incluso para el tema del aseo (de los internos) de manera correcta y lo que vi realmente cumple con las condiciones\u201d, dijo Ulloa.<\/p>\n\n\n\n<div class=\"wp-block-image\"><figure class=\"alignleft size-large is-resized\"><img loading=\"lazy\" decoding=\"async\" src=\"https:\/\/diariodominicano.com\/wp-content\/uploads\/2021\/07\/defensordelpueblo30-7-21-1024x683.jpg\" alt=\"\" class=\"wp-image-289831\" width=\"346\" height=\"230\" srcset=\"https:\/\/diariodominicano.com\/wp-content\/uploads\/2021\/07\/defensordelpueblo30-7-21-1024x683.jpg 1024w, https:\/\/diariodominicano.com\/wp-content\/uploads\/2021\/07\/defensordelpueblo30-7-21-300x200.jpg 300w, https:\/\/diariodominicano.com\/wp-content\/uploads\/2021\/07\/defensordelpueblo30-7-21-768x512.jpg 768w, https:\/\/diariodominicano.com\/wp-content\/uploads\/2021\/07\/defensordelpueblo30-7-21-1536x1024.jpg 1536w, https:\/\/diariodominicano.com\/wp-content\/uploads\/2021\/07\/defensordelpueblo30-7-21-2048x1365.jpg 2048w, https:\/\/diariodominicano.com\/wp-content\/uploads\/2021\/07\/defensordelpueblo30-7-21-816x544.jpg 816w\" sizes=\"auto, (max-width: 346px) 100vw, 346px\" \/><\/figure><\/div>\n\n\n\n<p>El Defensor del Pueblo fue recibido por Hilda Patricia Lagombra Polanco, coordinadora del Modelo de Gesti\u00f3n Penitenciaria (MGP), dependencia del sistema penitenciario que tiene a su cargo el recinto.<\/p>\n\n\n\n<p>Junto a Lagombra Polanco estuvo, durante el recorrido, Roberto Hern\u00e1ndez Basilio,&nbsp; director general de Prisiones, mientras que Ulloa se hizo acompa\u00f1ar del periodista Cristhian Jim\u00e9nez y otros colaboradores de su gesti\u00f3n.<\/p>\n\n\n\n<p>El funcionario recorri\u00f3 las instalaciones del recinto y convers\u00f3 con personas alojadas en ese espacio mientras esperan las resoluciones que definir\u00e1n su libertad o su traslado a otros centros a cumplir medidas de coerci\u00f3n.<\/p>\n\n\n\n<p>\u201cQuise venir a visitar la c\u00e1rcel del Palacio de Justicia con ambos directores penitenciarios para poder comprobar las condiciones m\u00ednimas y poder conversar con los privados de libertad. Ciertamente pude ver toda la infraestructura, los espacios y las condiciones mismas donde est\u00e1n ellos\u201d, explic\u00f3 Ulloa, previo a realizar un recorrido por el Centro de Correcci\u00f3n y Rehabilitaci\u00f3n Najayo Hombres, donde tambi\u00e9n declar\u00f3 que observ\u00f3 las condiciones internacionalmente recomendadas para el tratamiento digno a la poblaci\u00f3n interna.<\/p>\n\n\n\n<p>Fuente:  <strong>Direcci\u00f3n de Comunicaci\u00f3n y Prensa<\/strong><\/p>\n\n\n\n<p><strong>Procuradur\u00eda General-Ministerio P\u00fablico RD<\/strong><\/p>\n\n\n\n<p><strong>Viernes, 30 de julio de 2021.<\/strong><\/p>\n\n\n\n<p><strong>Direcci\u00f3n General de Comunicaciones, Prensa y Relaciones P\u00fablicas<\/strong><\/p>\n\n\n\n<p>Procuradur\u00eda General de la Rep\u00fablica Dominicana<\/p>\n\n\n\n<p><\/p>\n\n\n\n<p><\/p>\n","protected":false},"excerpt":{"rendered":"<p>diariodominicano.com Pablo Ulloa realiz\u00f3 una visita de inspecci\u00f3n al recinto en la que fue recibido por Patricia Lagombra Polanco y Roberto Hern\u00e1ndez Basilio Santo Domingo, R. D., 30 de julio, 2021.- \u201cVi, en sentido pr\u00e1ctico, un espacio muy diferente a como lo hab\u00eda visto en momento que me toc\u00f3 venir, de alguna manera u otra, [&hellip;]<\/p>\n","protected":false},"author":5,"featured_media":289830,"comment_status":"closed","ping_status":"","sticky":true,"template":"","format":"standard","meta":{"footnotes":""},"categories":[20,27],"tags":[],"class_list":["post-289829","post","type-post","status-publish","format-standard","has-post-thumbnail","hentry","category-dominicana-hoy","category-portada"],"_links":{"self":[{"href":"https:\/\/diariodominicano.com\/index.php?rest_route=\/wp\/v2\/posts\/289829","targetHints":{"allow":["GET"]}}],"collection":[{"href":"https:\/\/diariodominicano.com\/index.php?rest_route=\/wp\/v2\/posts"}],"about":[{"href":"https:\/\/diariodominicano.com\/index.php?rest_route=\/wp\/v2\/types\/post"}],"author":[{"embeddable":true,"href":"https:\/\/diariodominicano.com\/index.php?rest_route=\/wp\/v2\/users\/5"}],"replies":[{"embeddable":true,"href":"https:\/\/diariodominicano.com\/index.php?rest_route=%2Fwp%2Fv2%2Fcomments&post=289829"}],"version-history":[{"count":1,"href":"https:\/\/diariodominicano.com\/index.php?rest_route=\/wp\/v2\/posts\/289829\/revisions"}],"predecessor-version":[{"id":289832,"href":"https:\/\/diariodominicano.com\/index.php?rest_route=\/wp\/v2\/posts\/289829\/revisions\/289832"}],"wp:featuredmedia":[{"embeddable":true,"href":"https:\/\/diariodominicano.com\/index.php?rest_route=\/wp\/v2\/media\/289830"}],"wp:attachment":[{"href":"https:\/\/diariodominicano.com\/index.php?rest_route=%2Fwp%2Fv2%2Fmedia&parent=289829"}],"wp:term":[{"taxonomy":"category","embeddable":true,"href":"https:\/\/diariodominicano.com\/index.php?rest_route=%2Fwp%2Fv2%2Fcategories&post=289829"},{"taxonomy":"post_tag","embeddable":true,"href":"https:\/\/diariodominicano.com\/index.php?rest_route=%2Fwp%2Fv2%2Ftags&post=289829"}],"curies":[{"name":"wp","href":"https:\/\/api.w.org\/{rel}","templated":true}]}}