{"id":289826,"date":"2021-07-30T12:57:57","date_gmt":"2021-07-30T16:57:57","guid":{"rendered":"http:\/\/diariodominicano.com\/?p=289826"},"modified":"2021-07-30T12:57:57","modified_gmt":"2021-07-30T16:57:57","slug":"ministerio-de-salud-publica-recibe-donativo-de-equipos-tecnologicos-de-la-organizacion-panamericana-de-salud-ops","status":"publish","type":"post","link":"https:\/\/diariodominicano.com\/?p=289826","title":{"rendered":"Ministerio de Salud P\u00fablica recibe donativo de equipos tecnol\u00f3gicos de la Organizaci\u00f3n Panamericana de Salud (OPS)"},"content":{"rendered":"\n<p>diariodominicano.com<\/p>\n\n\n\n<p>Los insumos son para combatir la COVID-19<\/p>\n\n\n\n<p>Santo Domingo, R. D.,  30 de julio, 2021.-El Ministerio de Salud P\u00fablica recibi\u00f3 de la Organizaci\u00f3n Panamericana de la Salud\/Organizaci\u00f3n Mundial de la Salud (OPS\/OMS), una donaci\u00f3n de equipos tecnol\u00f3gicos, para ser utilizados en el rastreo de casos de COVID 19, mediante contactos telef\u00f3nicos de personas sospechosas de padecer esta enfermedad, lo que permitir\u00e1 dar asistencia m\u00e9dica m\u00e1s precisa a la ciudadan\u00eda.<\/p>\n\n\n\n<p>Los insumos donados ascienden a un valor de 49 mil 407.50 d\u00f3lares y consisten en cinco computadoras de escritorio, 20 laptops, 25 tabletas y 35 celulares Smartphone. Estos se obtuvieron gracias al apoyo financiero del Banco Interamericano de Desarrollo (BID).<\/p>\n\n\n\n<p>Los equipos fueron recibidos por el viceministro de Salud Colectiva doctor Eladio P\u00e9re, en representaci\u00f3n del ministro de Salud, doctor Daniel Rivera quien agradeci\u00f3 el gesto al representante en el pa\u00eds de la OPS, doctor Olivier Ronveaux.<\/p>\n\n\n\n<p>En ese sentido el doctor Eladio P\u00e9rez, viceministro de Salud Colectiva se\u00f1al\u00f3 que el Gobierno y las autoridades de Salud continuar\u00e1n con m\u00e1s ah\u00ednco con el plan de contingencia para dar respuesta a las personas afectadas de la COVID-19, \u201cya que es un desaf\u00edo que ser\u00e1 enfrentado gracias al apoyo recibido por la OPS\/OMS, con la donaci\u00f3n de estos equipos t\u00e9cnicos se contribuir\u00e1 significativamente a continuar con una investigaci\u00f3n de nuevos casos m\u00e1s efectivo\u201d, resalt\u00f3.<\/p>\n\n\n\n<p>En tanto, el director General de Epidemiolog\u00eda doctor Ronald Skewes consider\u00f3 los dispositivos oportunos e importantes, debido a que son una ayuda para detener la transmisi\u00f3n de la pandemia y sus variantes en el pa\u00eds.<\/p>\n\n\n\n<p>De su lado, el director de la Organizaci\u00f3n Panamericana de la Salud (OPS), en la Rep\u00fablica Dominicana, doctor Olivier Ronveaux, expres\u00f3\u201ces una prioridad para nuestra Organizaci\u00f3n apoyar para detectar, diagnosticar, atender y ayudar a contener la propagaci\u00f3n del virus\u201d.<\/p>\n\n\n\n<p>30- de julio 2021<br>Fuente:  Direcci\u00f3n de Comunicaci\u00f3n estrat\u00e9gica<\/p>\n","protected":false},"excerpt":{"rendered":"<p>diariodominicano.com Los insumos son para combatir la COVID-19 Santo Domingo, R. D., 30 de julio, 2021.-El Ministerio de Salud P\u00fablica recibi\u00f3 de la Organizaci\u00f3n Panamericana de la Salud\/Organizaci\u00f3n Mundial de la Salud (OPS\/OMS), una donaci\u00f3n de equipos tecnol\u00f3gicos, para ser utilizados en el rastreo de casos de COVID 19, mediante contactos telef\u00f3nicos de personas sospechosas [&hellip;]<\/p>\n","protected":false},"author":5,"featured_media":289827,"comment_status":"closed","ping_status":"","sticky":true,"template":"","format":"standard","meta":{"footnotes":""},"categories":[20,27],"tags":[],"class_list":["post-289826","post","type-post","status-publish","format-standard","has-post-thumbnail","hentry","category-dominicana-hoy","category-portada"],"_links":{"self":[{"href":"https:\/\/diariodominicano.com\/index.php?rest_route=\/wp\/v2\/posts\/289826","targetHints":{"allow":["GET"]}}],"collection":[{"href":"https:\/\/diariodominicano.com\/index.php?rest_route=\/wp\/v2\/posts"}],"about":[{"href":"https:\/\/diariodominicano.com\/index.php?rest_route=\/wp\/v2\/types\/post"}],"author":[{"embeddable":true,"href":"https:\/\/diariodominicano.com\/index.php?rest_route=\/wp\/v2\/users\/5"}],"replies":[{"embeddable":true,"href":"https:\/\/diariodominicano.com\/index.php?rest_route=%2Fwp%2Fv2%2Fcomments&post=289826"}],"version-history":[{"count":1,"href":"https:\/\/diariodominicano.com\/index.php?rest_route=\/wp\/v2\/posts\/289826\/revisions"}],"predecessor-version":[{"id":289828,"href":"https:\/\/diariodominicano.com\/index.php?rest_route=\/wp\/v2\/posts\/289826\/revisions\/289828"}],"wp:featuredmedia":[{"embeddable":true,"href":"https:\/\/diariodominicano.com\/index.php?rest_route=\/wp\/v2\/media\/289827"}],"wp:attachment":[{"href":"https:\/\/diariodominicano.com\/index.php?rest_route=%2Fwp%2Fv2%2Fmedia&parent=289826"}],"wp:term":[{"taxonomy":"category","embeddable":true,"href":"https:\/\/diariodominicano.com\/index.php?rest_route=%2Fwp%2Fv2%2Fcategories&post=289826"},{"taxonomy":"post_tag","embeddable":true,"href":"https:\/\/diariodominicano.com\/index.php?rest_route=%2Fwp%2Fv2%2Ftags&post=289826"}],"curies":[{"name":"wp","href":"https:\/\/api.w.org\/{rel}","templated":true}]}}