{"id":289823,"date":"2021-07-30T12:19:21","date_gmt":"2021-07-30T16:19:21","guid":{"rendered":"http:\/\/diariodominicano.com\/?p=289823"},"modified":"2021-07-30T12:19:21","modified_gmt":"2021-07-30T16:19:21","slug":"el-senado-de-la-republica-rinde-homenaje-a-johnny-ventura-y-al-doctor-paris-goico","status":"publish","type":"post","link":"https:\/\/diariodominicano.com\/?p=289823","title":{"rendered":"El Senado de la Rep\u00fablica rinde homenaje a Johnny Ventura y al doctor Paris Goico"},"content":{"rendered":"\n<p>diariodominicano.com<\/p>\n\n\n\n<p><strong>Santo Domingo, R. D.,  30 de julio, 2021.-<\/strong>\u00a0El Senado de la Rep\u00fablica Dominicana aprob\u00f3 este jueves un proyecto de resoluci\u00f3n que solicita al presidente\u00a0<a rel=\"noreferrer noopener\" href=\"https:\/\/twitter.com\/luisabinader?ref_src=twsrc%5Egoogle%7Ctwcamp%5Eserp%7Ctwgr%5Eauthor\" target=\"_blank\">Luis Abinader<\/a>\u00a0declarar a Juan de Dios Ventura Soriano (<a rel=\"noreferrer noopener\" href=\"https:\/\/www.instagram.com\/johnnyventuraoficial\/?hl=es-la\" target=\"_blank\">Johnny Ventura<\/a>), \u201cPadre del Merengue Moderno Dominicano\u201d.<\/p>\n\n\n\n<p>Esta iniciativa es autor\u00eda de los senadores&nbsp;<a href=\"https:\/\/www.senadord.gob.do\/san-jose-de-ocoa\/\">Jos\u00e9 Antonio Castillo<\/a>&nbsp;(San Jos\u00e9 de Ocoa); y Eddy Nolasco (Valverde).&nbsp;<\/p>\n\n\n\n<p>Este proyecto de Ley indica que solicita al presidente de la Rep\u00fablica declarar mediante decreto a Johnny Ventura como Padre del Merengue Moderno y, de manera p\u00f3stuma, le otorgue la Orden de Duarte, S\u00e1nchez y Mella en el m\u00e1s alto grado, para que sea recibido por su viuda e hijos.<\/p>\n\n\n\n<p>Asimismo, que ordene al Ministerio de Cultura la colocaci\u00f3n de dos bustos de Johnny Ventura; uno en la explanada de la Plaza de la Cultura y otro en el Palacio de Bellas Artes de la capital dominicana.<\/p>\n\n\n\n<p>Tambi\u00e9n la pieza solicita que a la Sala Capitular y Alcald\u00eda que corresponda a la casa donde viv\u00eda Johnny Ventura designe dicha calle con su nombre y, por igual, al puente que cruza la Avenida Jacobo Majluta hacia Villa Mella.<\/p>\n\n\n\n<p>Tambi\u00e9n fue sancionada la resoluci\u00f3n que reconoce de manera p\u00f3stuma al doctor Paris Goico Jacobo, por su destacada trayectoria profesional al servicio del Senado de la Rep\u00fablica, marcada por la pulcritud, honestidad y transparencia a favor de las mejores causas. Esta pieza fue propuesta por el senador Alexis Victoria (Mar\u00eda Trinidad S\u00e1nchez).&nbsp;<\/p>\n\n\n\n<p>La iniciativa refiere que el doctor Paris Goico Jacobo ingreso al Senado de la Rep\u00fablica el 1 de junio de 1966, como abogado ayudante. Posteriormente, en 1968, fue promovido a ayudante de secretar\u00eda y jefe de todas las oficinas del Senado. Mientras que en el a\u00f1o 1994 fue ascendido al cargo de secretario general legislativa, hasta el 30 de abril de 2019.<\/p>\n\n\n\n<p>En su considerando tercero dice que Goico Jacobo fue un asesor eficiente y oportuno para los legisladores, sirvi\u00f3 por m\u00e1s de cincuenta y tres a\u00f1os en el Senado, actuando apegado a los principios \u00e9ticos y morales, caracter\u00edsticas dignas de un servidor p\u00fablico. Adem\u00e1s, que fue experto en materia legislativa y, sobre todo, amigo solidario y funcionario de probada lealtad.<\/p>\n\n\n\n<p>Los senadores sancionaron en primera lectura el proyecto de Ley que modifica la Ley no.45-20 de Garant\u00edas Mobiliarias. Esta iniciativa,&nbsp; remitida por la C\u00e1mara de Diputados, tiene la finalidad de modificar &nbsp; los art\u00edculos 51, 132&nbsp; y 136&nbsp; de&nbsp; la&nbsp; Ley&nbsp; No.45-20, del 18&nbsp; de&nbsp; febrero&nbsp; de 2020, de Garant\u00edas Mobiliarias.<\/p>\n\n\n\n<p>Esta pieza se\u00f1ala que la Ley No. 45-20, del 18 de febrero de 2020, &nbsp; de Garant\u00edas Mobiliarias, crea el Sistema Electr\u00f3nico de Garant\u00edas&nbsp; Mobiliarias, como un nuevo marco jur\u00eddico, as\u00ed como un r\u00e9gimen &nbsp; legal unitario para la constituci\u00f3n, efectividad, publicidad, registro, relaci\u00f3n y procesos de ejecuci\u00f3n relacionados con dichas garant\u00edas.<\/p>\n\n\n\n<p>En su segundo considerando, indica que la Ley No. 45-20 dispone en su art\u00edculo 51 que el proceso de contrataci\u00f3n del software para la operaci\u00f3n y administraci\u00f3n del Sistema Electr\u00f3nico de Garant\u00edas &nbsp; Mobiliarias deber\u00e1 realizarse de acuerdo con los procedimientos &nbsp; rescritos en la Ley No. 340-06, del 18 de agosto de 2006, sobre Compras y Contrataciones de Bienes, Servicios, Obras y Concesiones de Obras del Estado, o como resultado de una alianza public\u00f3 privada.<\/p>\n\n\n\n<p>Los senadores sancionaron, adem\u00e1s, en segunda lectura el proyecto de Ley de que modifica los art\u00edculos 1 y 2 de la Ley No. 9-96, que libera de todo tipo de impuestos de importaci\u00f3n, los regalos que traigan al pa\u00eds los residentes en el extranjero a familiares y amigos que visiten para las fiestas de Navidad y A\u00f1o Nuevo, propuesta por Franklin Rodr\u00edguez (San Crist\u00f3bal), fusionado con la iniciativa propuesta por el senador Carlos G\u00f3mez (Espaillat).<\/p>\n\n\n\n<p>La presente Ley modifica los art\u00edculos 1 y 2 de la ley 9-96, a la vez que actualiza el t\u00edtulo de la misma de conformidad a su alcance. Es vinculante a toda la di\u00e1spora dominicana residente en el exterior, que se traslade a territorio nacional durante las vacaciones de verano y fiestas navide\u00f1as<\/p>\n\n\n\n<p>En su considerando primero, esta Ley 9-96, del 9 de septiembre del 1996, establece la liberaci\u00f3n de todo tipo de impuestos de importaci\u00f3n todos aquellos regalos que traigan al pa\u00eds a familiares y amigos de residentes en el extranjero que no hayan entrado al territorio en los \u00faltimos seis meses, como gracia por las festividades navide\u00f1as.<\/p>\n\n\n\n<p>Adem\u00e1s, en segunda lectura los senadores sancionaron el proyecto de Ley que ordena la realizaci\u00f3n del tamizaje para la detecci\u00f3n temprana de enfermedades cong\u00e9nitas y metab\u00f3licas de la poblaci\u00f3n infantil en la Rep\u00fablica Dominicana, iniciativa propuesta por el senador Jos\u00e9 Antonio Castillo.<\/p>\n\n\n\n<p>En tanto que en primera lectura fue sancionado el proyecto de Ley de Fomento al Desarrollo del Turismo Sostenible, que declara a San Crist\u00f3bal como provincia Ecotur\u00edstica, propuesta por Franklin Rodr\u00edguez.<\/p>\n\n\n\n<p>En los trabajos de hoy fue sancionada la resoluci\u00f3n que solicita al presidente de la Rep\u00fablica, Luis Abinader, gestionar un tratado bilateral con el Gobierno de Estados Unidos (EE. UU), con la finalidad de que los ciudadanos dominicanos puedan obtener un visado temporal para trabajar en Puerto Rico, iniciativa propuesta por el senador Pedro Catrain (Saman\u00e1).<\/p>\n\n\n\n<p>Esta iniciativa indica que, en virtud de sus atribuciones constitucionales, el presidente debe gestionar ante el Gobierno de los Estados Unidos de Norteam\u00e9rica la celebraci\u00f3n de un nuevo tratado o convenio con la finalidad que nuestro pa\u00eds pueda ser considerado en la lista de los pa\u00edses que el Departamento de Estado incluye para obtener las visas de trabajo temporal denominadas H-2B de las cuales fue excluidos en el a\u00f1o 2017.<\/p>\n\n\n\n<p>Tambi\u00e9n aprobaron una resoluci\u00f3n que solicita al presidente de la Rep\u00fablica, Luis Abinader, instruir al Instituto Nacional de Atenci\u00f3n Integral a la Primera Infancia (INAIPI), para la instalaci\u00f3n de un Centro de Atenci\u00f3n Integral a la Primera Infancia (CAIPI), en el municipio del Valle, provincia Hato Mayor, iniciativa propuesta por el senador Dr. Crist\u00f3bal Castillo.<\/p>\n\n\n\n<p>Igualmente, fue aprobada la resoluci\u00f3n mediante la cual se solicita al presidente de la Rep\u00fablica, Luis Abinader, instruir al coordinador del Gabinete de Pol\u00edticas Sociales, la construcci\u00f3n de un Centro Tecnol\u00f3gico Comunitario y Digital en el Distrito Municipal Elupina Cordero, iniciativa propuesta por el Dr. Crist\u00f3bal Castillo (Hato Mayor).&nbsp;<\/p>\n\n\n\n<p>De igual manera fue aprobada la resoluci\u00f3n que solicita al presidente Luis Abinader, que incluya en el Presupuesto General del Estado, para el a\u00f1o 2022, la construcci\u00f3n de un edificio gubernamental para alojar las oficinas p\u00fablicas en la ciudad de Salvale\u00f3n de Hig\u00fcey, provincia La Altagracia, propuesta por Virgilio Cedano.<\/p>\n\n\n\n<p>En la sesi\u00f3n de este jueves los senadores aprobaron la ratificaci\u00f3n del nombramiento diplom\u00e1tico de Francisco Caraballo N\u00fa\u00f1ez, como embajador extraordinario en la Rep\u00fablica de Lituania, con sede en Berl\u00edn, Alemania.&nbsp;&nbsp;<\/p>\n\n\n\n<p>Asimismo, la ratificaci\u00f3n del nombramiento diplom\u00e1tico de Frank Hans Dannenberg Castellanos, como embajador en la Rep\u00fablica de Bielorrusia.<\/p>\n\n\n\n<p>De igual manera, el nombramiento diplom\u00e1tico de Laura Virginia Ramona Faxas Vargas de Jorgesen, como embajadora en la Rep\u00fablica de Eslovenia, con sede en Viena, Austria.<\/p>\n\n\n\n<p>Estas iniciativas diplom\u00e1ticas son remitidas por el Poder Ejecutivo.<\/p>\n\n\n\n<p>En la sesi\u00f3n de este jueves los senadores guardaron un minuto de silencio por el fallecimiento del merenguero dominicano Johnny Ventura, a solicitud del senador Franklin Rodr\u00edguez (San Crist\u00f3bal), asimismo se extendi\u00f3 la solicitud por el fallecimiento del exsecretario Legislativo del Senado, Paris Goico, quien labor\u00f3 por m\u00e1s de 50 a\u00f1os en esta C\u00e1mara Alta, a solicitud del senador Alexis Victoria.<\/p>\n\n\n\n<p>Durante el turno de ponencias, el senador Bautista Rojas G\u00f3mez (Hermanas Mirabal) solicit\u00f3 estar alerta por el surgimiento de la fiebre porcina africana en varias provincias, pues cree que aun el pa\u00eds est\u00e1 a tiempo de salvar la situaci\u00f3n generada. \u201cDebe hacerse un levantamiento epidemiol\u00f3gico todos los d\u00edas\u201d, manifest\u00f3.<\/p>\n\n\n\n<p>El senador Iv\u00e1n Silva (La Romana) someti\u00f3 una Resoluci\u00f3n que solicita apoderar a la Comisi\u00f3n de Asuntos Agropecuarios y Agroindustriales la investigaci\u00f3n sobre alcances del Decreto 569-12 que da poderes a la Junta Agropecuaria Dominicana (JAD) y despoja de funciones del Ministerio de Agricultura.<\/p>\n\n\n\n<p>El senador Ram\u00f3n Pimentel (Montecristi) expres\u00f3 su preocupaci\u00f3n por la situaci\u00f3n que vive su provincia ante la presencia de la fiebre porcina africana y resalt\u00f3 que, por instrucciones del presidente Luis Abinader, el Ministerio de Agricultura est\u00e1 interviniendo la zona.<\/p>\n\n\n\n<p>Fuente:  Senado de la Rep\u00fablica Dominicana<\/p>\n\n\n\n<p>  Publicado por: Julia Figuereo<\/p>\n\n\n\n<p><\/p>\n","protected":false},"excerpt":{"rendered":"<p>diariodominicano.com Santo Domingo, R. D., 30 de julio, 2021.-\u00a0El Senado de la Rep\u00fablica Dominicana aprob\u00f3 este jueves un proyecto de resoluci\u00f3n que solicita al presidente\u00a0Luis Abinader\u00a0declarar a Juan de Dios Ventura Soriano (Johnny Ventura), \u201cPadre del Merengue Moderno Dominicano\u201d. Esta iniciativa es autor\u00eda de los senadores&nbsp;Jos\u00e9 Antonio Castillo&nbsp;(San Jos\u00e9 de Ocoa); y Eddy Nolasco (Valverde).&nbsp; [&hellip;]<\/p>\n","protected":false},"author":5,"featured_media":289824,"comment_status":"closed","ping_status":"","sticky":true,"template":"","format":"standard","meta":{"footnotes":""},"categories":[20,27],"tags":[],"class_list":["post-289823","post","type-post","status-publish","format-standard","has-post-thumbnail","hentry","category-dominicana-hoy","category-portada"],"_links":{"self":[{"href":"https:\/\/diariodominicano.com\/index.php?rest_route=\/wp\/v2\/posts\/289823","targetHints":{"allow":["GET"]}}],"collection":[{"href":"https:\/\/diariodominicano.com\/index.php?rest_route=\/wp\/v2\/posts"}],"about":[{"href":"https:\/\/diariodominicano.com\/index.php?rest_route=\/wp\/v2\/types\/post"}],"author":[{"embeddable":true,"href":"https:\/\/diariodominicano.com\/index.php?rest_route=\/wp\/v2\/users\/5"}],"replies":[{"embeddable":true,"href":"https:\/\/diariodominicano.com\/index.php?rest_route=%2Fwp%2Fv2%2Fcomments&post=289823"}],"version-history":[{"count":1,"href":"https:\/\/diariodominicano.com\/index.php?rest_route=\/wp\/v2\/posts\/289823\/revisions"}],"predecessor-version":[{"id":289825,"href":"https:\/\/diariodominicano.com\/index.php?rest_route=\/wp\/v2\/posts\/289823\/revisions\/289825"}],"wp:featuredmedia":[{"embeddable":true,"href":"https:\/\/diariodominicano.com\/index.php?rest_route=\/wp\/v2\/media\/289824"}],"wp:attachment":[{"href":"https:\/\/diariodominicano.com\/index.php?rest_route=%2Fwp%2Fv2%2Fmedia&parent=289823"}],"wp:term":[{"taxonomy":"category","embeddable":true,"href":"https:\/\/diariodominicano.com\/index.php?rest_route=%2Fwp%2Fv2%2Fcategories&post=289823"},{"taxonomy":"post_tag","embeddable":true,"href":"https:\/\/diariodominicano.com\/index.php?rest_route=%2Fwp%2Fv2%2Ftags&post=289823"}],"curies":[{"name":"wp","href":"https:\/\/api.w.org\/{rel}","templated":true}]}}