{"id":289784,"date":"2021-07-30T07:22:15","date_gmt":"2021-07-30T11:22:15","guid":{"rendered":"http:\/\/diariodominicano.com\/?p=289784"},"modified":"2021-07-30T07:22:15","modified_gmt":"2021-07-30T11:22:15","slug":"vicepresidenta-destaca-disposicion-del-gobierno-de-colocar-la-formacion-tecnica-a-la-par-de-la-demanda-del-mercado-laboral-nacional-e-internacional","status":"publish","type":"post","link":"https:\/\/diariodominicano.com\/?p=289784","title":{"rendered":"Vicepresidenta destaca disposici\u00f3n del Gobierno de colocar la formaci\u00f3n t\u00e9cnica a la par de la demanda del mercado laboral nacional e internacional"},"content":{"rendered":"\n<p>diariodominicano.com<\/p>\n\n\n\n<p>Santo Domingo, R. D.,  30 de julio, 2021.-\u00a0La vicepresidenta de la Rep\u00fablica, Raquel Pe\u00f1a, asegur\u00f3 que el Gobierno est\u00e1 dispuesto a invertir lo necesario para que, en dos a\u00f1os, y no en diez como se hab\u00eda establecido, colocar la formaci\u00f3n t\u00e9cnica del pa\u00eds a la par de la demanda del mercado laboral nacional e internacional.<\/p>\n\n\n\n<p>Pe\u00f1a habl\u00f3 al encabezar este jueves el congreso de car\u00e1cter nacional con el cual el Instituto Nacional de Formaci\u00f3n T\u00e9cnico Profesional (INFOTEP) culmin\u00f3 el proceso de consulta sobre el futuro del trabajo.<\/p>\n\n\n\n<p>Con esta discusi\u00f3n propositiva que se realiz\u00f3 en el marco de la Gran Consulta Nacional, el INFOTEP logr\u00f3 consensuar una propuesta a futuro sobre las nuevas ocupaciones adaptadas al proceso de digitalizaci\u00f3n, la resoluci\u00f3n industrial 4.0, las nuevas metodolog\u00edas de la ense\u00f1anza y nuevas gu\u00edas did\u00e1cticas adecuadas a las formas&nbsp;actuales de industrializaci\u00f3n.<\/p>\n\n\n\n<p>Durante la actividad, en la que participaron los diferentes sectores representativos de la sociedad, la vicepresidenta dijo que a pesar del Gobierno haber recibido el pa\u00eds en condiciones econ\u00f3micas cr\u00edticas y en medio de la peor crisis sanitaria en todo un siglo, los esfuerzos no han sido en vano y se ha logrado recuperar una econom\u00eda lacerada y devolver la esperanza a los dominicanos.<\/p>\n\n\n\n<p>Pe\u00f1a destac\u00f3 que esta alianza p\u00fablico-privada va a empezar a traer mejores frutos para la Rep\u00fablica Dominicana y lograr\u00e1 posicionarlo como un pa\u00eds altamente competitivo.<\/p>\n\n\n\n<p>Se\u00f1al\u00f3 que esta gesti\u00f3n ha cre\u00eddo e invertido en el talento de cada persona, y est\u00e1 asumiendo la formaci\u00f3n desde un enfoque innovador, dise\u00f1ado para crear empleos de calidad con los que se generen los recursos que sustenten la inversi\u00f3n en obras de bien social.<\/p>\n\n\n\n<p>La vicepresidenta consider\u00f3 que el INFOTEP ha tenido una visi\u00f3n de planificaci\u00f3n e inteligentemente se prepara para adecuar su oferta de formaci\u00f3n a las nuevas tendencias laborales en el \u00e1mbito local e internacional.<\/p>\n\n\n\n<p>De su lado, el director general del INFOTEP, Rafael Santos Badia, destac\u00f3 entre los resultados de esta conversaci\u00f3n, que el pa\u00eds ver\u00e1 crecer exponencialmente la automatizaci\u00f3n de la producci\u00f3n, el uso de robots industriales y digitales. Dijo que &nbsp;las empresas tambi\u00e9n incorporar\u00e1n las innovaciones cient\u00edficas y tecnol\u00f3gicas para no perder espacio en un mercado competitivo.<\/p>\n\n\n\n<p>En tanto, el ministro de Trabajo, Luis Miguel De Camps, destac\u00f3 el compromiso del presidente Abinader de crear las condiciones necesarias para haya m\u00e1s empleos y mejores condiciones para toda la naci\u00f3n.<\/p>\n\n\n\n<p>Igualmente, el director del Servicio Nacional de Aprendizaje (SENA) de Colombia, Carlos Mario Estrada, destac\u00f3 que en el futuro inmediato las organizaciones y los profesionales ser\u00e1n calificados como relevantes o irrelevantes seg\u00fan su adaptaci\u00f3n a la transformaci\u00f3n digital, por lo es importante la actualizaci\u00f3n de los modelos de negocio.<\/p>\n\n\n\n<p>Estuvieron presentes en el acto, el ministro de Administraci\u00f3n P\u00fablica, Dar\u00edo Castillo; el asesor internacional de la Consulta, Lorenzo Guadamuz; as\u00ed como miembros de la junta de directores del INFOTEP y representantes de diferentes sectores productivos del pa\u00eds.<\/p>\n\n\n\n<p><strong>Gran Consulta Nacional<\/strong><\/p>\n\n\n\n<p>M\u00e1s de cinco mil personas participaron de esta Consulta Nacional, que comenz\u00f3 el pasado mes de marzo con una sesi\u00f3n inaugural y en abril se inici\u00f3 el levantamiento de informaci\u00f3n a nivel nacional a trav\u00e9s de cinco consultas: regional, tripartita, interna, externa y abierta.&nbsp;<\/p>\n\n\n\n<p>Se trat\u00f3 de un proceso de participaci\u00f3n y consenso en el que fueron consultados los empresarios, el gobierno y los sindicatos, en el marco de la Consulta Tripartita.\u00a0<\/p>\n\n\n\n<p>Fuente: Direcci\u00f3n de Prensa<\/p>\n\n\n\n<p>Presidencia de la Rep\u00fablica Dominicana<\/p>\n","protected":false},"excerpt":{"rendered":"<p>diariodominicano.com Santo Domingo, R. D., 30 de julio, 2021.-\u00a0La vicepresidenta de la Rep\u00fablica, Raquel Pe\u00f1a, asegur\u00f3 que el Gobierno est\u00e1 dispuesto a invertir lo necesario para que, en dos a\u00f1os, y no en diez como se hab\u00eda establecido, colocar la formaci\u00f3n t\u00e9cnica del pa\u00eds a la par de la demanda del mercado laboral nacional e [&hellip;]<\/p>\n","protected":false},"author":5,"featured_media":289785,"comment_status":"closed","ping_status":"","sticky":true,"template":"","format":"standard","meta":{"footnotes":""},"categories":[20,27],"tags":[],"class_list":["post-289784","post","type-post","status-publish","format-standard","has-post-thumbnail","hentry","category-dominicana-hoy","category-portada"],"_links":{"self":[{"href":"https:\/\/diariodominicano.com\/index.php?rest_route=\/wp\/v2\/posts\/289784","targetHints":{"allow":["GET"]}}],"collection":[{"href":"https:\/\/diariodominicano.com\/index.php?rest_route=\/wp\/v2\/posts"}],"about":[{"href":"https:\/\/diariodominicano.com\/index.php?rest_route=\/wp\/v2\/types\/post"}],"author":[{"embeddable":true,"href":"https:\/\/diariodominicano.com\/index.php?rest_route=\/wp\/v2\/users\/5"}],"replies":[{"embeddable":true,"href":"https:\/\/diariodominicano.com\/index.php?rest_route=%2Fwp%2Fv2%2Fcomments&post=289784"}],"version-history":[{"count":1,"href":"https:\/\/diariodominicano.com\/index.php?rest_route=\/wp\/v2\/posts\/289784\/revisions"}],"predecessor-version":[{"id":289786,"href":"https:\/\/diariodominicano.com\/index.php?rest_route=\/wp\/v2\/posts\/289784\/revisions\/289786"}],"wp:featuredmedia":[{"embeddable":true,"href":"https:\/\/diariodominicano.com\/index.php?rest_route=\/wp\/v2\/media\/289785"}],"wp:attachment":[{"href":"https:\/\/diariodominicano.com\/index.php?rest_route=%2Fwp%2Fv2%2Fmedia&parent=289784"}],"wp:term":[{"taxonomy":"category","embeddable":true,"href":"https:\/\/diariodominicano.com\/index.php?rest_route=%2Fwp%2Fv2%2Fcategories&post=289784"},{"taxonomy":"post_tag","embeddable":true,"href":"https:\/\/diariodominicano.com\/index.php?rest_route=%2Fwp%2Fv2%2Ftags&post=289784"}],"curies":[{"name":"wp","href":"https:\/\/api.w.org\/{rel}","templated":true}]}}