{"id":289778,"date":"2021-07-30T07:07:50","date_gmt":"2021-07-30T11:07:50","guid":{"rendered":"http:\/\/diariodominicano.com\/?p=289778"},"modified":"2021-07-30T07:07:50","modified_gmt":"2021-07-30T11:07:50","slug":"presidente-luis-abinader-asiste-a-la-inauguracion-de-nuevo-centro-de-estudios-superiores-cef-santo-domingo","status":"publish","type":"post","link":"https:\/\/diariodominicano.com\/?p=289778","title":{"rendered":"Presidente Luis Abinader asiste a la inauguraci\u00f3n de nuevo centro de estudios superiores CEF.- Santo Domingo"},"content":{"rendered":"\n<p>diariodominicano.com<\/p>\n\n\n\n<p>Santo Domingo, R. D., 30 de julio, 2021.- El presidente Luis Abinader asisti\u00f3 este jueves a la inauguraci\u00f3n del instituto de educaci\u00f3n superior CEF. &#8211; Santo Domingo, cuya sede principal se encuentra en Espa\u00f1a, y en donde se han formado m\u00e1s de dos mil estudiantes dominicanos, muchos de los cuales han sido beneficiados con becas estudiantiles.<\/p>\n\n\n\n<p>Dentro de su oferta formativa se impartir\u00e1n siete maestr\u00edas con doble titulaci\u00f3n dominicana y espa\u00f1ola, diplomados y cursos en \u00e1reas de empresas, marketing, gesti\u00f3n humana, finanzas y contabilidad, tributaci\u00f3n y jur\u00eddica, habilitados para el p\u00fablico en general, empresas e instituciones p\u00fablicas.<\/p>\n\n\n\n<p>\u201cEsta instituci\u00f3n, con la cual estamos desarrollando dos programas doctorales, contribuye al crecimiento personal y acad\u00e9mico de quienes desean fortalecer su perfil profesional para servir con mayor eficiencia al desarrollo integral de nuestro pa\u00eds\u201d, expres\u00f3 el ministro de Educaci\u00f3n Superior, Ciencia y Tecnolog\u00eda (MESCYT), Franklin Garc\u00eda.<\/p>\n\n\n\n<p>De su lado, la rectora de CEF.- Santo Domingo, Patricia Portela, destac\u00f3 las alianzas p\u00fablico-privadas que han desarrollado desde el inicio para la capacitaci\u00f3n de la fuerza laboral dominicana.<\/p>\n\n\n\n<p>En ese sentido, indic\u00f3 que el pasado jueves se firm\u00f3 un acuerdo con el Ministerio de Industria y Comercio para la formaci\u00f3n financiera de peque\u00f1os y medianos empresarios; mientras que con la Escuela Nacional del Ministerio P\u00fablico trabajan para impartir una maestr\u00eda en an\u00e1lisis e investigaci\u00f3n criminal.<\/p>\n\n\n\n<p>En colaboraci\u00f3n con el Instituto Policial de Educaci\u00f3n (IPE), se trabajar\u00e1 en la capacitaci\u00f3n internacional de los agentes policiales.<\/p>\n\n\n\n<p>Adem\u00e1s, junto al INAFOCAM, la Direcci\u00f3n General de Contrataciones P\u00fablicas, el Instituto de Educaci\u00f3n Superior en Formaci\u00f3n Diplom\u00e1tica y Consular, INESDYC y la Direcci\u00f3n del Instituto de Dominicanas y Dominicanos en el Exterior, INDEX, se formar\u00e1n facilitadores, servidores p\u00fablicos, funcionarios y dominicanos en el exterior, respectivamente.<\/p>\n\n\n\n<p>De su lado, el director del instituto, Arturo De Las Heras, extern\u00f3 su intenci\u00f3n de contribuir con el progreso del pueblo dominicano desde el \u00e1mbito educativo.<\/p>\n\n\n\n<p>\u201cPonemos a disposici\u00f3n nuestra experiencia como preparadores de las pruebas selectivas de funcionarios y su formaci\u00f3n continua, aportando al robustecimiento de los ministerios e instituciones p\u00fablicas de la Rep\u00fablica Dominicana\u201d, dijo De Las Heras.<\/p>\n\n\n\n<p>El centro pertenece al Grupo Educativo CEF.- UDIMA (Universidad a distancia de Madrid), especializado en administraci\u00f3n de empresas y la sede que inaugura en Santo Domingo es la primera fuera de territorio espa\u00f1ol. La sede est\u00e1 completamente equipada para la teleeducaci\u00f3n y clases presenciales, cumpliendo con todos los protocolos de seguridad.<\/p>\n\n\n\n<p>Luego del corte de cinta, el presidente Luis Abinader realiz\u00f3 un recorrido por las instalaciones de CEF.- Santo Domingo ubicado en el tercer nivel de Novo Centro y devel\u00f3 una placa institucional.<\/p>\n\n\n\n<p>Al acto asistieron el presidente de la c\u00e1mara de diputados, Alfredo Pacheco y el fundador del centro, Roque De Las Heras.<\/p>\n\n\n\n<p>Asimismo, el ministro de Industria y Comercio, V\u00edctor -Ito- Bison\u00f3; el director de la Polic\u00eda Nacional, Edward S\u00e1nchez; el presidente de la DNCD, Jos\u00e9 Manuel Cabrera Ulloa y el director del INFOTEP, Rafael Santos Bad\u00eda, entre otras personalidades.<\/p>\n\n\n\n<p>Fuente: Direcci\u00f3n de Prensa<\/p>\n\n\n\n<p>Presidencia de la Rep\u00fablica Dominicana<\/p>\n","protected":false},"excerpt":{"rendered":"<p>diariodominicano.com Santo Domingo, R. D., 30 de julio, 2021.- El presidente Luis Abinader asisti\u00f3 este jueves a la inauguraci\u00f3n del instituto de educaci\u00f3n superior CEF. &#8211; Santo Domingo, cuya sede principal se encuentra en Espa\u00f1a, y en donde se han formado m\u00e1s de dos mil estudiantes dominicanos, muchos de los cuales han sido beneficiados con [&hellip;]<\/p>\n","protected":false},"author":5,"featured_media":289779,"comment_status":"closed","ping_status":"","sticky":true,"template":"","format":"standard","meta":{"footnotes":""},"categories":[20,27],"tags":[],"class_list":["post-289778","post","type-post","status-publish","format-standard","has-post-thumbnail","hentry","category-dominicana-hoy","category-portada"],"_links":{"self":[{"href":"https:\/\/diariodominicano.com\/index.php?rest_route=\/wp\/v2\/posts\/289778","targetHints":{"allow":["GET"]}}],"collection":[{"href":"https:\/\/diariodominicano.com\/index.php?rest_route=\/wp\/v2\/posts"}],"about":[{"href":"https:\/\/diariodominicano.com\/index.php?rest_route=\/wp\/v2\/types\/post"}],"author":[{"embeddable":true,"href":"https:\/\/diariodominicano.com\/index.php?rest_route=\/wp\/v2\/users\/5"}],"replies":[{"embeddable":true,"href":"https:\/\/diariodominicano.com\/index.php?rest_route=%2Fwp%2Fv2%2Fcomments&post=289778"}],"version-history":[{"count":1,"href":"https:\/\/diariodominicano.com\/index.php?rest_route=\/wp\/v2\/posts\/289778\/revisions"}],"predecessor-version":[{"id":289780,"href":"https:\/\/diariodominicano.com\/index.php?rest_route=\/wp\/v2\/posts\/289778\/revisions\/289780"}],"wp:featuredmedia":[{"embeddable":true,"href":"https:\/\/diariodominicano.com\/index.php?rest_route=\/wp\/v2\/media\/289779"}],"wp:attachment":[{"href":"https:\/\/diariodominicano.com\/index.php?rest_route=%2Fwp%2Fv2%2Fmedia&parent=289778"}],"wp:term":[{"taxonomy":"category","embeddable":true,"href":"https:\/\/diariodominicano.com\/index.php?rest_route=%2Fwp%2Fv2%2Fcategories&post=289778"},{"taxonomy":"post_tag","embeddable":true,"href":"https:\/\/diariodominicano.com\/index.php?rest_route=%2Fwp%2Fv2%2Ftags&post=289778"}],"curies":[{"name":"wp","href":"https:\/\/api.w.org\/{rel}","templated":true}]}}