{"id":289775,"date":"2021-07-30T07:03:33","date_gmt":"2021-07-30T11:03:33","guid":{"rendered":"http:\/\/diariodominicano.com\/?p=289775"},"modified":"2021-07-30T07:03:33","modified_gmt":"2021-07-30T11:03:33","slug":"japon-ampliara-estado-de-emergencia-de-tokio-a-otras-prefecturas","status":"publish","type":"post","link":"https:\/\/diariodominicano.com\/?p=289775","title":{"rendered":"Jap\u00f3n ampliar\u00e1 estado de emergencia de Tokio a otras prefecturas"},"content":{"rendered":"\n<p>diariodominicano.com<a rel=\"noreferrer noopener\" href=\"http:\/\/home.xinhua-news.com\/gdsdetailxhs\/share\/9749709-?pageflag=iframe\" target=\"_blank\"><\/a><\/p>\n\n\n\n<pre id=\"text-news-description\" class=\"wp-block-preformatted\">   TOKIO, 30 jul (Xinhua) -- Jap\u00f3n declar\u00f3 hoy viernes que ampliar\u00e1 el estado de emergencia por COVID-19 a Osaka y tres prefecturas vecinas a Tokio, despu\u00e9s de que el registro de un r\u00e9cord de nuevos casos haya generado temores por que el sistema m\u00e9dico del pa\u00eds colapse en medio de los Juegos Ol\u00edmpicos de Tokio.\n   El Gobierno del primer ministro japon\u00e9s, Yoshihide Suga, agregar\u00e1 las prefecturas de Chiba, Kanagawa, Saitama y Osaka a las \u00e1reas bajo el estado de emergencia, que ya cubre Tokio y Okinawa, desde el pr\u00f3ximo lunes y hasta el 31 de agosto, dijo el Gobierno.\n   El estado de emergencia por COVID-19 declarado anteriormente para Tokio y Okinawa hasta el 22 de agosto se extender\u00e1 ahora hasta finales de mes. El per\u00edodo de emergencia comenz\u00f3 la semana pasada, cubriendo los Juegos Ol\u00edmpicos en curso y parcialmente los Juegos Paral\u00edmpicos, que comenzar\u00e1n el 24 de agosto.\n   Los restaurantes y bares que ofrecen licor o que brindan servicios de karaoke deben cerrar bajo el estado de emergencia, con el Gobierno otorgando compensaciones por su cumplimiento. Aquellos que no sirven alcohol deben cerrar a las 20:00 hora local.\n   \"Las nuevas infecciones por coronavirus se est\u00e1n propagando en el \u00e1rea metropolitana de Tokio, as\u00ed como en la regi\u00f3n de Kansai (en el oeste de Jap\u00f3n) a una velocidad sin precedentes\", dijo Suga al final de una reuni\u00f3n del grupo de trabajo, despu\u00e9s de que la ampliaci\u00f3n del estado de emergencia recibiera la aprobaci\u00f3n de expertos en enfermedades infecciosas y otros campos con anterioridad el mismo d\u00eda.\n   El Gobierno tambi\u00e9n pondr\u00e1 a las prefecturas de Hokkaido, Ishikawa, Kyoto, Hyogo y Fukuoka bajo un cuasi estado de emergencia, que supone menos restricciones a la actividad comercial que el estado de emergencia, desde el lunes y hasta finales de agosto.<\/pre>\n","protected":false},"excerpt":{"rendered":"<p>diariodominicano.com TOKIO, 30 jul (Xinhua) &#8212; Jap\u00f3n declar\u00f3 hoy viernes que ampliar\u00e1 el estado de emergencia por COVID-19 a Osaka y tres prefecturas vecinas a Tokio, despu\u00e9s de que el registro de un r\u00e9cord de nuevos casos haya generado temores por que el sistema m\u00e9dico del pa\u00eds colapse en medio de los Juegos Ol\u00edmpicos de [&hellip;]<\/p>\n","protected":false},"author":5,"featured_media":289776,"comment_status":"closed","ping_status":"","sticky":true,"template":"","format":"standard","meta":{"footnotes":""},"categories":[23,27],"tags":[],"class_list":["post-289775","post","type-post","status-publish","format-standard","has-post-thumbnail","hentry","category-internacional","category-portada"],"_links":{"self":[{"href":"https:\/\/diariodominicano.com\/index.php?rest_route=\/wp\/v2\/posts\/289775","targetHints":{"allow":["GET"]}}],"collection":[{"href":"https:\/\/diariodominicano.com\/index.php?rest_route=\/wp\/v2\/posts"}],"about":[{"href":"https:\/\/diariodominicano.com\/index.php?rest_route=\/wp\/v2\/types\/post"}],"author":[{"embeddable":true,"href":"https:\/\/diariodominicano.com\/index.php?rest_route=\/wp\/v2\/users\/5"}],"replies":[{"embeddable":true,"href":"https:\/\/diariodominicano.com\/index.php?rest_route=%2Fwp%2Fv2%2Fcomments&post=289775"}],"version-history":[{"count":1,"href":"https:\/\/diariodominicano.com\/index.php?rest_route=\/wp\/v2\/posts\/289775\/revisions"}],"predecessor-version":[{"id":289777,"href":"https:\/\/diariodominicano.com\/index.php?rest_route=\/wp\/v2\/posts\/289775\/revisions\/289777"}],"wp:featuredmedia":[{"embeddable":true,"href":"https:\/\/diariodominicano.com\/index.php?rest_route=\/wp\/v2\/media\/289776"}],"wp:attachment":[{"href":"https:\/\/diariodominicano.com\/index.php?rest_route=%2Fwp%2Fv2%2Fmedia&parent=289775"}],"wp:term":[{"taxonomy":"category","embeddable":true,"href":"https:\/\/diariodominicano.com\/index.php?rest_route=%2Fwp%2Fv2%2Fcategories&post=289775"},{"taxonomy":"post_tag","embeddable":true,"href":"https:\/\/diariodominicano.com\/index.php?rest_route=%2Fwp%2Fv2%2Ftags&post=289775"}],"curies":[{"name":"wp","href":"https:\/\/api.w.org\/{rel}","templated":true}]}}