{"id":289769,"date":"2021-07-30T06:55:53","date_gmt":"2021-07-30T10:55:53","guid":{"rendered":"http:\/\/diariodominicano.com\/?p=289769"},"modified":"2021-07-30T06:58:02","modified_gmt":"2021-07-30T10:58:02","slug":"cnm-juramenta-nuevos-jueces-y-suplentes-del-tse","status":"publish","type":"post","link":"https:\/\/diariodominicano.com\/?p=289769","title":{"rendered":"CNM juramenta nuevos jueces y suplentes del TSE"},"content":{"rendered":"\n<p>diariodominicano.com<\/p>\n\n\n\n<p>Santo Domingo, R. D.,  30 de julio, 2021.- El Consejo Nacional de la Magistratura (CNM),que preside el presidente Luis Abinader, jurament\u00f3 a los cinco jueces titulares y sus respectivos suplentes para el Tribunal Superior Electoral (TSE), los que permanecer\u00e1n en sus cargos por un per\u00edodo de cuatro a\u00f1os.<\/p>\n\n\n\n<p>La juramentaci\u00f3n de los nuevos miembros del alto tribunal tuvo lugar en el Sal\u00f3n de Embajadores del Palacio Nacional a las 7:30 de la noche de este jueves.<\/p>\n\n\n\n<p>Los nuevos jueces titulares son: Ygnacio Pascual Camacho Hidalgo, quien adem\u00e1s fungir\u00e1 como juez presidente del TSE; Juan Alfredo Biaggi Lama, Rosa Fior D\u2019 aliza P\u00e9rez de Garc\u00eda, Pedro Pablo Yermenos Forastieri y Fernando Fern\u00e1ndez Cruz.<\/p>\n\n\n\n<p>Los suplentes ser\u00e1n, respectivamente: Juan Bautista Cuevas Medrano, Hermenegilda del Rosario Fondeur Ram\u00edrez, Juan Manuel Mart\u00edn Garrido Campillo, Lourdes Teresa de Jes\u00fas Salazar Rodr\u00edguez y Francisco Eugenio Cabrera Mata.<\/p>\n\n\n\n<p>Las vistas p\u00fablicas celebradas por el \u00f3rgano constitucional en la casa de Gobierno, iniciaron el pasado martes 13 de julio y culminaron el martes 20 de julio. Los cinco jueces titulares y sus respectivos suplentes para el TSE fueron escogidos este mi\u00e9rcoles 28 por el CNM. En total fueron entrevistados 76 aspirantes.<\/p>\n\n\n\n<p>El actual CNM est\u00e1 conformado por Luis Abinader, presidente de la Rep\u00fablica y de dicho \u00f3rgano; Eduardo Estrella, presidente del Senado de la Rep\u00fablica; Bautista Rojas G\u00f3mez, senador que representa la segunda mayor\u00eda congresual y Alfredo Pacheco, presidente de la C\u00e1mara de Diputados.<\/p>\n\n\n\n<p>Asimismo, V\u00edctor Fadul, diputado que representa la segunda mayor\u00eda en la c\u00e1mara baja; el magistrado Luis Henry Molina, presidente de la Suprema Corte de Justicia (SCJ); la magistrada Nancy Salcedo, secretaria de este \u00f3rgano y la magistrada Miriam Germ\u00e1n Brito, procuradora general de la Rep\u00fablica.<\/p>\n\n\n\n<p>En el evento tambi\u00e9n estuvieron la vicepresidenta, Raquel Pe\u00f1a; el ministro Administrativo de la Presidencia, Jos\u00e9 Ignacio Paliza y el Consultor Jur\u00eddico del Poder Ejecutivo y asesor t\u00e9cnico del CNM, Antoliano Peralta.<\/p>\n\n\n\n<p>Fuente: Direcci\u00f3n de Prensa<\/p>\n\n\n\n<p>Presidencia de la Rep\u00fablica Dominicana<\/p>\n","protected":false},"excerpt":{"rendered":"<p>diariodominicano.com Santo Domingo, R. D., 30 de julio, 2021.- El Consejo Nacional de la Magistratura (CNM),que preside el presidente Luis Abinader, jurament\u00f3 a los cinco jueces titulares y sus respectivos suplentes para el Tribunal Superior Electoral (TSE), los que permanecer\u00e1n en sus cargos por un per\u00edodo de cuatro a\u00f1os. La juramentaci\u00f3n de los nuevos miembros [&hellip;]<\/p>\n","protected":false},"author":5,"featured_media":289770,"comment_status":"closed","ping_status":"","sticky":true,"template":"","format":"standard","meta":{"footnotes":""},"categories":[20,27],"tags":[],"class_list":["post-289769","post","type-post","status-publish","format-standard","has-post-thumbnail","hentry","category-dominicana-hoy","category-portada"],"_links":{"self":[{"href":"https:\/\/diariodominicano.com\/index.php?rest_route=\/wp\/v2\/posts\/289769","targetHints":{"allow":["GET"]}}],"collection":[{"href":"https:\/\/diariodominicano.com\/index.php?rest_route=\/wp\/v2\/posts"}],"about":[{"href":"https:\/\/diariodominicano.com\/index.php?rest_route=\/wp\/v2\/types\/post"}],"author":[{"embeddable":true,"href":"https:\/\/diariodominicano.com\/index.php?rest_route=\/wp\/v2\/users\/5"}],"replies":[{"embeddable":true,"href":"https:\/\/diariodominicano.com\/index.php?rest_route=%2Fwp%2Fv2%2Fcomments&post=289769"}],"version-history":[{"count":2,"href":"https:\/\/diariodominicano.com\/index.php?rest_route=\/wp\/v2\/posts\/289769\/revisions"}],"predecessor-version":[{"id":289774,"href":"https:\/\/diariodominicano.com\/index.php?rest_route=\/wp\/v2\/posts\/289769\/revisions\/289774"}],"wp:featuredmedia":[{"embeddable":true,"href":"https:\/\/diariodominicano.com\/index.php?rest_route=\/wp\/v2\/media\/289770"}],"wp:attachment":[{"href":"https:\/\/diariodominicano.com\/index.php?rest_route=%2Fwp%2Fv2%2Fmedia&parent=289769"}],"wp:term":[{"taxonomy":"category","embeddable":true,"href":"https:\/\/diariodominicano.com\/index.php?rest_route=%2Fwp%2Fv2%2Fcategories&post=289769"},{"taxonomy":"post_tag","embeddable":true,"href":"https:\/\/diariodominicano.com\/index.php?rest_route=%2Fwp%2Fv2%2Ftags&post=289769"}],"curies":[{"name":"wp","href":"https:\/\/api.w.org\/{rel}","templated":true}]}}