{"id":289715,"date":"2021-07-30T04:44:31","date_gmt":"2021-07-30T08:44:31","guid":{"rendered":"http:\/\/diariodominicano.com\/?p=289715"},"modified":"2021-07-30T04:54:32","modified_gmt":"2021-07-30T08:54:32","slug":"llama-dominicanos-preservar-legado-johnny-ventura-e-inculcarlo-nuevas-generaciones","status":"publish","type":"post","link":"https:\/\/diariodominicano.com\/?p=289715","title":{"rendered":"Llama dominicanos preservar legado Johnny Ventura e inculcarlo nuevas generaciones"},"content":{"rendered":"\n<p><strong>Por Mavel Flores<\/strong><\/p>\n\n\n\n<p><strong>NUEVA YORK.-<\/strong>&nbsp;La organizaci\u00f3n \u201cPrensa &amp; Comunidad Hispana (PreCoHis)\u201d, que dirige el periodista Ram\u00f3n Mercedes, hizo un llamado a los dominicanos para que preserven el legado del fenecido artista Johnny Ventura.<\/p>\n\n\n\n<p>Mercedes, hablando a nombre de los dem\u00e1s directivos, sostuvo que ese gran propulsor del merengue, folclor y arte de la Rep\u00fablica Dominicana, como lo fue Ventura, hay que inculc\u00e1rselo a las nuevas generaciones.<\/p>\n\n\n\n<p>El comunicador manifest\u00f3 que hace la solicitud porque Ventura fue el m\u00e1ximo exponente del merengue declarado por la Organizaci\u00f3n de Naciones Unidas para la Educaci\u00f3n, la Ciencia y la Cultura (Unesco), en el 2016, como Patrimonio Cultural Inmaterial de la Humanidad.<\/p>\n\n\n\n<p>Sostuvo que el aporte del fenecido artista fue tan significativo y grande para el pa\u00eds que el Estado dominicano declar\u00f3 tres d\u00edas de duelo oficial en RD y su cuerpo ser\u00e1 expuesto tambi\u00e9n durante tres d\u00edas en varias instituciones a las cuales sirvi\u00f3 con ejemplo y gallard\u00eda.<\/p>\n\n\n\n<p>Este jueves fue expuesto en acto privado en la Funeraria Blandino y este viernes en la C\u00e1mara de Diputados, Ayuntamiento del Distrito Nacional, y el Partido La Fuerza del Pueblo (FP).<\/p>\n\n\n\n<p>Mientras que este s\u00e1bado ser\u00e1 velado en el Palacio de los Deportes, para que el pueblo le d\u00e9 su \u00faltimo adi\u00f3s, luego sus restos ser\u00e1n llevados al sector capitalino de Villa Juana, de donde era oriundo, y desde ah\u00ed trasladado al Cementerio Cristo Redentor para su cristiana sepultura, record\u00f3 el comunicador.<\/p>\n\n\n\n<p>Mercedes solicit\u00f3 a las instituciones oficiales, a los senadores, diputados y s\u00edndicos poner su nombre en lugares de muchas visitas y tr\u00e1nsito para que el afamado artista sea recordado diariamente, porque es un ejemplo a seguir, acot\u00f3 Mercedes <\/p>\n","protected":false},"excerpt":{"rendered":"<p>Por Mavel Flores NUEVA YORK.-&nbsp;La organizaci\u00f3n \u201cPrensa &amp; Comunidad Hispana (PreCoHis)\u201d, que dirige el periodista Ram\u00f3n Mercedes, hizo un llamado a los dominicanos para que preserven el legado del fenecido artista Johnny Ventura. Mercedes, hablando a nombre de los dem\u00e1s directivos, sostuvo que ese gran propulsor del merengue, folclor y arte de la Rep\u00fablica Dominicana, [&hellip;]<\/p>\n","protected":false},"author":7,"featured_media":289753,"comment_status":"closed","ping_status":"","sticky":true,"template":"","format":"standard","meta":{"footnotes":""},"categories":[23,27],"tags":[],"class_list":["post-289715","post","type-post","status-publish","format-standard","has-post-thumbnail","hentry","category-internacional","category-portada"],"_links":{"self":[{"href":"https:\/\/diariodominicano.com\/index.php?rest_route=\/wp\/v2\/posts\/289715","targetHints":{"allow":["GET"]}}],"collection":[{"href":"https:\/\/diariodominicano.com\/index.php?rest_route=\/wp\/v2\/posts"}],"about":[{"href":"https:\/\/diariodominicano.com\/index.php?rest_route=\/wp\/v2\/types\/post"}],"author":[{"embeddable":true,"href":"https:\/\/diariodominicano.com\/index.php?rest_route=\/wp\/v2\/users\/7"}],"replies":[{"embeddable":true,"href":"https:\/\/diariodominicano.com\/index.php?rest_route=%2Fwp%2Fv2%2Fcomments&post=289715"}],"version-history":[{"count":4,"href":"https:\/\/diariodominicano.com\/index.php?rest_route=\/wp\/v2\/posts\/289715\/revisions"}],"predecessor-version":[{"id":289765,"href":"https:\/\/diariodominicano.com\/index.php?rest_route=\/wp\/v2\/posts\/289715\/revisions\/289765"}],"wp:featuredmedia":[{"embeddable":true,"href":"https:\/\/diariodominicano.com\/index.php?rest_route=\/wp\/v2\/media\/289753"}],"wp:attachment":[{"href":"https:\/\/diariodominicano.com\/index.php?rest_route=%2Fwp%2Fv2%2Fmedia&parent=289715"}],"wp:term":[{"taxonomy":"category","embeddable":true,"href":"https:\/\/diariodominicano.com\/index.php?rest_route=%2Fwp%2Fv2%2Fcategories&post=289715"},{"taxonomy":"post_tag","embeddable":true,"href":"https:\/\/diariodominicano.com\/index.php?rest_route=%2Fwp%2Fv2%2Ftags&post=289715"}],"curies":[{"name":"wp","href":"https:\/\/api.w.org\/{rel}","templated":true}]}}