{"id":289714,"date":"2021-07-30T04:42:59","date_gmt":"2021-07-30T08:42:59","guid":{"rendered":"http:\/\/diariodominicano.com\/?p=289714"},"modified":"2021-07-30T04:43:16","modified_gmt":"2021-07-30T08:43:16","slug":"feria-del-libro-en-ny-y-la-primera-cultural-a-celebrarse","status":"publish","type":"post","link":"https:\/\/diariodominicano.com\/?p=289714","title":{"rendered":"Feria del Libro en NY y la primera Cultural a celebrarse"},"content":{"rendered":"\n<p><strong>Por Ram\u00f3n Mercedes<\/strong><\/p>\n\n\n\n<p><strong>NUEVA YORK.-&nbsp;<\/strong>El director de la Feria del Libro en esta ciudad, Javier Fuentes, anunci\u00f3 que dentro de ese evento&nbsp;&nbsp;a celebrarse los pr\u00f3ximos d\u00edas 15, 16 y 17 de octubre,&nbsp;se efectuar\u00e1 una Feria Cultural.&nbsp;<\/p>\n\n\n\n<p>En la actividad participar\u00e1n dise\u00f1adores, modistos y artesanos, parte de los cuales elaboran productos relacionados con el tabaco.&nbsp;<\/p>\n\n\n\n<p>Inform\u00f3 que ha venido recibiendo el respaldo en su m\u00e1xima expresi\u00f3n de parte de la Comisionada Dominicana de Cultura, Lourdes Batista.<\/p>\n\n\n\n<p>Expres\u00f3 que para la celebraci\u00f3n hay recursos limitados y est\u00e1n recurriendo a empresarios, profesionales, amigos y comerciantes para que hagan sus aportaciones, ya que los recursos de la RD est\u00e1n siendo invertidos en los casos de la pandemia.<\/p>\n\n\n\n<p>Anunci\u00f3 que la cena de gala ser\u00e1 celebrada el d\u00eda 14 de octubre y servir\u00e1 para la recaudaci\u00f3n de fondos para la actividad.<\/p>\n\n\n\n<p>En la Feria Cultural habr\u00e1 presentaciones de distintas disciplinas, entre ellas de teatro y cine. Se instalar\u00e1n dos pabellones, uno m\u00e9dico para ofrecer orientaciones de salud y de deportes que cubrir\u00e1 varias disciplinas.&nbsp;<\/p>\n\n\n\n<p>Fuentes dijo que se esperan artistas, poetas y escritores de Europa, Argentina, Puerto Rico y otros pa\u00edses de Am\u00e9rica.<\/p>\n\n\n\n<p>De Rep\u00fablica Dominicana vendr\u00e1n el Ministro de Ciencia y Tecnolog\u00eda, representantes de las Universidades UASD y del Caribe, el Grupo Le\u00f3n, Librer\u00eda Cuesta, artistas, locutores y presentadores de TV.<\/p>\n\n\n\n<p>Adem\u00e1s, desde varios estados del territorio estadounidense, quienes han confirmado su participaci\u00f3n.<\/p>\n\n\n\n<p>El abogado y polit\u00f3logo, expres\u00f3 estar satisfecho y orgulloso del desempe\u00f1o de cada uno de los equipos, por la pasi\u00f3n, amor y dedicaci\u00f3n con la que est\u00e1n llevando sus asignaciones\u201d, precis\u00f3.<\/p>\n","protected":false},"excerpt":{"rendered":"<p>Por Ram\u00f3n Mercedes NUEVA YORK.-&nbsp;El director de la Feria del Libro en esta ciudad, Javier Fuentes, anunci\u00f3 que dentro de ese evento&nbsp;&nbsp;a celebrarse los pr\u00f3ximos d\u00edas 15, 16 y 17 de octubre,&nbsp;se efectuar\u00e1 una Feria Cultural.&nbsp; En la actividad participar\u00e1n dise\u00f1adores, modistos y artesanos, parte de los cuales elaboran productos relacionados con el tabaco.&nbsp; Inform\u00f3 [&hellip;]<\/p>\n","protected":false},"author":7,"featured_media":289752,"comment_status":"closed","ping_status":"","sticky":true,"template":"","format":"standard","meta":{"footnotes":""},"categories":[23,27],"tags":[],"class_list":["post-289714","post","type-post","status-publish","format-standard","has-post-thumbnail","hentry","category-internacional","category-portada"],"_links":{"self":[{"href":"https:\/\/diariodominicano.com\/index.php?rest_route=\/wp\/v2\/posts\/289714","targetHints":{"allow":["GET"]}}],"collection":[{"href":"https:\/\/diariodominicano.com\/index.php?rest_route=\/wp\/v2\/posts"}],"about":[{"href":"https:\/\/diariodominicano.com\/index.php?rest_route=\/wp\/v2\/types\/post"}],"author":[{"embeddable":true,"href":"https:\/\/diariodominicano.com\/index.php?rest_route=\/wp\/v2\/users\/7"}],"replies":[{"embeddable":true,"href":"https:\/\/diariodominicano.com\/index.php?rest_route=%2Fwp%2Fv2%2Fcomments&post=289714"}],"version-history":[{"count":1,"href":"https:\/\/diariodominicano.com\/index.php?rest_route=\/wp\/v2\/posts\/289714\/revisions"}],"predecessor-version":[{"id":289755,"href":"https:\/\/diariodominicano.com\/index.php?rest_route=\/wp\/v2\/posts\/289714\/revisions\/289755"}],"wp:featuredmedia":[{"embeddable":true,"href":"https:\/\/diariodominicano.com\/index.php?rest_route=\/wp\/v2\/media\/289752"}],"wp:attachment":[{"href":"https:\/\/diariodominicano.com\/index.php?rest_route=%2Fwp%2Fv2%2Fmedia&parent=289714"}],"wp:term":[{"taxonomy":"category","embeddable":true,"href":"https:\/\/diariodominicano.com\/index.php?rest_route=%2Fwp%2Fv2%2Fcategories&post=289714"},{"taxonomy":"post_tag","embeddable":true,"href":"https:\/\/diariodominicano.com\/index.php?rest_route=%2Fwp%2Fv2%2Ftags&post=289714"}],"curies":[{"name":"wp","href":"https:\/\/api.w.org\/{rel}","templated":true}]}}