{"id":289713,"date":"2021-07-30T04:42:19","date_gmt":"2021-07-30T08:42:19","guid":{"rendered":"http:\/\/diariodominicano.com\/?p=289713"},"modified":"2021-07-30T04:50:25","modified_gmt":"2021-07-30T08:50:25","slug":"federacion-taxistas-ny-llama-no-escuchar-musica-ala-jaza-por-irreverencia-a-johnny-ventura","status":"publish","type":"post","link":"https:\/\/diariodominicano.com\/?p=289713","title":{"rendered":"Federaci\u00f3n taxistas NY llama no escuchar m\u00fasica Ala Jaza por irreverencia a Johnny Ventura"},"content":{"rendered":"\n<p><strong>Por Ram\u00f3n Mercedes<\/strong><\/p>\n\n\n\n<p><strong>NUEVA YORK.-<\/strong>\u00a0El presidente de la Federaci\u00f3n de Taxistas del estado de NY (NYSFTD) y de la Corporaci\u00f3n High Class, que agrupa miles de choferes, solicit\u00f3 a los miembros de ambas entidades no escuchar la m\u00fasica de Enmanuel Jim\u00e9nez (Ala Jaza) por su irreverencia contra la gloria del arte nacional, el fenecido artista Johnny Ventura.<\/p>\n\n\n\n<figure class=\"wp-block-image size-large is-style-default\"><img loading=\"lazy\" decoding=\"async\" width=\"516\" height=\"336\" src=\"https:\/\/diariodominicano.com\/wp-content\/uploads\/2021\/07\/image-79.png\" alt=\"\" class=\"wp-image-289762\" srcset=\"https:\/\/diariodominicano.com\/wp-content\/uploads\/2021\/07\/image-79.png 516w, https:\/\/diariodominicano.com\/wp-content\/uploads\/2021\/07\/image-79-300x195.png 300w\" sizes=\"auto, (max-width: 516px) 100vw, 516px\" \/><\/figure>\n\n\n\n<p>El licenciado Antonio Cabrera, en documento de prensa, indica que esa afrenta por parte del m\u00fasico urbano hacia Ventura lo es tambi\u00e9n para el pueblo dominicano, porque el fenecido artista fue del pueblo, estuvo con el pueblo y se mantendr\u00e1 en el pueblo como el pap\u00e1 del merengue, afirm\u00f3.<\/p>\n\n\n\n<p>Asimismo, solicit\u00f3 a los dominicanos que tengan cualquier evento con Ala Jaza cancelarlo como un homenaje p\u00f3stumo hacia Ventura.<\/p>\n\n\n\n<p>Tambi\u00e9n lamenta que la fiesta que amenizar\u00eda en diciembre en El Bronx \u201cEl Caballo Mayor\u201d a los taxistas ya no se podr\u00e1 tener en persona.<\/p>\n\n\n\n<p>La grandeza, de nuestro compadre y amigo personal (Johnny), fue tan grande y fruct\u00edfera para el pa\u00eds que el Estado dominicano ha declarado tres d\u00edas de duelo oficial, adem\u00e1s ser\u00e1 expuesto en la C\u00e1mara de Diputados, El Ayuntamiento del D.N., el Palacio de los Deportes y llevado a su natal sector (Villa Juana).<\/p>\n\n\n\n<p>Precis\u00f3 que eso solo se les hace a los grandes, a quienes se han ganado el reconocimiento, cari\u00f1o y amor de todo un pueblo, para que Ala Jaza haga planteamientos de tipo \u201cvil\u201d, sostuvo.<\/p>\n\n\n\n<p>El m\u00fasico urbano expres\u00f3, a ra\u00edz del fallecimiento de Ventura \u201ceste nunca apoy\u00f3 el g\u00e9nero del merengue, estos tigres nunca han apoyado este g\u00e9nero\u201d, ya yo di el p\u00e9same a la familia.<\/p>\n\n\n\n<p>Cabrera arribar\u00e1 a la RD en las pr\u00f3ximas horas para darle el p\u00e9same a los familiares y asistir al funeral, en nombre de los taxistas de NY.<\/p>\n","protected":false},"excerpt":{"rendered":"<p>Por Ram\u00f3n Mercedes NUEVA YORK.-\u00a0El presidente de la Federaci\u00f3n de Taxistas del estado de NY (NYSFTD) y de la Corporaci\u00f3n High Class, que agrupa miles de choferes, solicit\u00f3 a los miembros de ambas entidades no escuchar la m\u00fasica de Enmanuel Jim\u00e9nez (Ala Jaza) por su irreverencia contra la gloria del arte nacional, el fenecido artista [&hellip;]<\/p>\n","protected":false},"author":7,"featured_media":289762,"comment_status":"closed","ping_status":"","sticky":true,"template":"","format":"standard","meta":{"footnotes":""},"categories":[23,27],"tags":[],"class_list":["post-289713","post","type-post","status-publish","format-standard","has-post-thumbnail","hentry","category-internacional","category-portada"],"_links":{"self":[{"href":"https:\/\/diariodominicano.com\/index.php?rest_route=\/wp\/v2\/posts\/289713","targetHints":{"allow":["GET"]}}],"collection":[{"href":"https:\/\/diariodominicano.com\/index.php?rest_route=\/wp\/v2\/posts"}],"about":[{"href":"https:\/\/diariodominicano.com\/index.php?rest_route=\/wp\/v2\/types\/post"}],"author":[{"embeddable":true,"href":"https:\/\/diariodominicano.com\/index.php?rest_route=\/wp\/v2\/users\/7"}],"replies":[{"embeddable":true,"href":"https:\/\/diariodominicano.com\/index.php?rest_route=%2Fwp%2Fv2%2Fcomments&post=289713"}],"version-history":[{"count":2,"href":"https:\/\/diariodominicano.com\/index.php?rest_route=\/wp\/v2\/posts\/289713\/revisions"}],"predecessor-version":[{"id":289763,"href":"https:\/\/diariodominicano.com\/index.php?rest_route=\/wp\/v2\/posts\/289713\/revisions\/289763"}],"wp:featuredmedia":[{"embeddable":true,"href":"https:\/\/diariodominicano.com\/index.php?rest_route=\/wp\/v2\/media\/289762"}],"wp:attachment":[{"href":"https:\/\/diariodominicano.com\/index.php?rest_route=%2Fwp%2Fv2%2Fmedia&parent=289713"}],"wp:term":[{"taxonomy":"category","embeddable":true,"href":"https:\/\/diariodominicano.com\/index.php?rest_route=%2Fwp%2Fv2%2Fcategories&post=289713"},{"taxonomy":"post_tag","embeddable":true,"href":"https:\/\/diariodominicano.com\/index.php?rest_route=%2Fwp%2Fv2%2Ftags&post=289713"}],"curies":[{"name":"wp","href":"https:\/\/api.w.org\/{rel}","templated":true}]}}